{"id":80303,"date":"2023-11-23T14:30:32","date_gmt":"2023-11-23T13:30:32","guid":{"rendered":"https:\/\/www.bredasys.com\/?p=80303"},"modified":"2024-03-26T09:26:37","modified_gmt":"2024-03-26T08:26:37","slug":"garages-collectifs","status":"publish","type":"post","link":"https:\/\/www.bredasys.com\/fr\/2023\/11\/garages-collectifs.html","title":{"rendered":"Garages Collectifs"},"content":{"rendered":"<h2>LES PORTES POUR LES RENDRE SPACIEUX, S\u00dbRS ET DESIGN<\/h2>\n<p style=\"text-align: justify;\"><em>La place de parking couverte a toujours \u00e9t\u00e9 l&rsquo;un des \u00e9l\u00e9ments capables d&rsquo;augmenter la valeur d&rsquo;une maison, surtout lorsqu&rsquo;il s&rsquo;agit d&rsquo;appartements situ\u00e9s en ville et pouvant b\u00e9n\u00e9ficier d&rsquo;un garage de copropri\u00e9t\u00e9 parfaitement organis\u00e9. Pour optimiser l&rsquo;espace, le design et l&rsquo;efficacit\u00e9, choisir la bonne porte est une \u00e9tape \u00e0 ne pas sous-estimer.<\/em><\/p>\n<p style=\"text-align: justify;\">Qu&rsquo;il se trouve \u00e0 l&rsquo;ext\u00e9rieur du b\u00e2timent ou qu&rsquo;il soit am\u00e9nag\u00e9 directement dans les sous-sols, le garage de copropri\u00e9t\u00e9 repr\u00e9sente un espace tout sauf secondaire : un v\u00e9ritable must, surtout pour ceux qui vivent en ville, permettant de b\u00e9n\u00e9ficier d&rsquo;un espace toujours couvert et prot\u00e9g\u00e9 o\u00f9 ranger sa voiture, son \u00e9quipement sportif et bien plus encore.<\/p>\n<p style=\"text-align: justify;\">Concentrer un grand nombre de box dans un espace limit\u00e9 exige naturellement une conception privil\u00e9giant l&rsquo;utilisation intelligente de l&rsquo;espace, l&rsquo;efficacit\u00e9 et la s\u00e9curit\u00e9. Mais l&rsquo;esth\u00e9tique et le confort jouent \u00e9galement leur r\u00f4le, d&rsquo;autant plus s&rsquo;il s&rsquo;agit de copropri\u00e9t\u00e9s de prestige abritant des lofts raffin\u00e9s et n\u00e9cessitant une continuit\u00e9 de style dans chaque d\u00e9tail de l&rsquo;\u00e9difice.<\/p>\n<h2>Plus d&rsquo;espace \u00e0 l&rsquo;int\u00e9rieur et \u00e0 l&rsquo;ext\u00e9rieur du box avec la technologie sectionnelle<\/h2>\n<p style=\"text-align: justify;\">Les portes sectionnelles se caract\u00e9risent par une ouverture verticale et un coulissement le long de la surface normalement inutilis\u00e9e du plafond. Ainsi, lors de la man\u0153uvre, les fermetures sectionnelles n&rsquo;occupent aucun espace suppl\u00e9mentaire \u00e0 l&rsquo;int\u00e9rieur ou \u00e0 l&rsquo;ext\u00e9rieur du box (contrairement aux mod\u00e8les basculants classiques), mais lib\u00e8rent toute la zone utile autour de la porte. Une solution id\u00e9ale pour profiter pleinement de son espace de stationnement, ainsi que pour \u00e9viter de cr\u00e9er des obstacles dans les zones communes et de passage, facilitant ainsi les man\u0153uvres de stationnement.<\/p>\n<p><img fetchpriority=\"high\" decoding=\"async\" class=\"alignnone wp-image-45938 size-full\" src=\"https:\/\/www.bredasys.com\/wp-content\/uploads\/2020\/11\/Foto-Portoni-Sirio-Napoli-COP.jpg\" alt=\"\" width=\"1600\" height=\"800\" srcset=\"https:\/\/www.bredasys.com\/wp-content\/uploads\/2020\/11\/Foto-Portoni-Sirio-Napoli-COP.jpg 1600w, https:\/\/www.bredasys.com\/wp-content\/uploads\/2020\/11\/Foto-Portoni-Sirio-Napoli-COP-300x150.jpg 300w, https:\/\/www.bredasys.com\/wp-content\/uploads\/2020\/11\/Foto-Portoni-Sirio-Napoli-COP-1024x512.jpg 1024w, https:\/\/www.bredasys.com\/wp-content\/uploads\/2020\/11\/Foto-Portoni-Sirio-Napoli-COP-768x384.jpg 768w, https:\/\/www.bredasys.com\/wp-content\/uploads\/2020\/11\/Foto-Portoni-Sirio-Napoli-COP-1536x768.jpg 1536w\" sizes=\"(max-width: 1600px) 100vw, 1600px\" \/><\/p>\n<p style=\"text-align: justify;\">De plus, les portes sectionnelles Breda sont r\u00e9alis\u00e9es sur mesure et avec des solutions intelligentes pour s&rsquo;adapter parfaitement aux besoins sp\u00e9cifiques du box, m\u00eame lorsque l&rsquo;espace d&rsquo;installation est r\u00e9duit.<br \/>\nLe soul\u00e8vement et l&rsquo;abaissement des panneaux se font rapidement et en douceur, gr\u00e2ce aux syst\u00e8mes motoris\u00e9s de derni\u00e8re g\u00e9n\u00e9ration offrant un confort maximal et une s\u00e9curit\u00e9 d&rsquo;utilisation. Il suffit en effet d&rsquo;un geste sur la t\u00e9l\u00e9commande ou sur son smartphone pour actionner le mouvement, toujours silencieux, afin d&rsquo;\u00e9viter les bruits g\u00eanants dans l&rsquo;espace du garage.<\/p>\n<table style=\"border-collapse: collapse; width: 100%; height: 191px;\">\n<tbody>\n<tr style=\"height: 191px;\">\n<td style=\"width: 100%; height: 191px;\">\n<h3>\ud83d\udd17 ORUS, LA PORTE QUI \u00c9CONOMISE DE L&rsquo;ESPACE<\/h3>\n<p><em>Belle, l\u00e9g\u00e8re et fonctionnelle. Orus est la porte sectionnelle de Breda con\u00e7ue pour r\u00e9soudre d\u00e9finitivement tout probl\u00e8me d&rsquo;espace. Id\u00e9ale pour les copropri\u00e9t\u00e9s et les complexes r\u00e9sidentiels, mais aussi pour les garages souterrains et les boxes situ\u00e9s dans les centres urbains, elle se distingue par sa capacit\u00e9 extraordinaire \u00e0 occuper un encombrement vraiment minimal mais aussi par sa praticit\u00e9 et sa beaut\u00e9 esth\u00e9tique.<br \/>\nAssoci\u00e9e au syst\u00e8me de coulissement STO Traction System, avec ressorts de traction cach\u00e9s dans les rails lat\u00e9raux, Orus est \u00e9galement capable de s&rsquo;adapter \u00e0 des architraves de petites dimensions. En effet, seulement 10 centim\u00e8tres suffisent pour installer cette porte r\u00e9volutionnaire, capable d&rsquo;allier toute la l\u00e9g\u00e8ret\u00e9 de l&rsquo;aluminium \u00e0 la solidit\u00e9 et la fiabilit\u00e9 d&rsquo;une porte fabriqu\u00e9e en Italie par Breda.<br \/>\nAvec Orus, en effet, les performances sont garanties : l&rsquo;utilisation de l&rsquo;aluminium permet \u00e0 la porte de ne pas rouiller, en conservant toujours intacte la brillance de sa couleur et l&rsquo;\u00e9l\u00e9gance de son design contemporain.<\/em><\/p>\n<table style=\"height: 8px; width: 25.3051%; border-collapse: collapse; border-color: #f7f7f7; background-color: #f7f7f7; border-style: solid;\" border=\"0px\">\n<tbody>\n<tr style=\"height: 12px;\">\n<td style=\"width: 100%; background-color: #028914; border-color: #e9e9e9; border-radius: 8px; height: 12px; border-style: solid; text-align: center;\"><strong><a href=\"https:\/\/www.bredasys.com\/portoni-da-garage-in-alluminio-orus-line-breda.html\"><span style=\"font-size: 12pt; font-weight: 600; color: #ffffff; font-family: raleway, sans-serif;\">PLUS D&rsquo;INFORMATIONS<\/span><\/a><\/strong><\/td>\n<\/tr>\n<\/tbody>\n<\/table>\n<\/td>\n<\/tr>\n<\/tbody>\n<\/table>\n<h3>Accessoires augmentant la s\u00e9curit\u00e9<\/h3>\n<p style=\"text-align: justify;\">Comme tout projet architectural, le garage est \u00e9galement soumis \u00e0 des r\u00e9glementations et des contraintes pr\u00e9cises pour sa construction, qui deviennent encore plus strictes lorsqu&rsquo;on choisit de d\u00e9velopper les boxes dans les sous-sols.<br \/>\nDans ces cas, parmi les principaux \u00e9l\u00e9ments \u00e0 prendre en compte figurent les dispositions de s\u00e9curit\u00e9 pour la pr\u00e9vention des incendies qui identifient trois types de garages, divis\u00e9s par niveaux de risque.<\/p>\n<p><img decoding=\"async\" class=\"alignnone wp-image-21134 size-full\" src=\"https:\/\/www.bredasys.com\/wp-content\/uploads\/2016\/06\/Persus_Clast_COP.jpg\" alt=\"\" width=\"1600\" height=\"800\" srcset=\"https:\/\/www.bredasys.com\/wp-content\/uploads\/2016\/06\/Persus_Clast_COP.jpg 1600w, https:\/\/www.bredasys.com\/wp-content\/uploads\/2016\/06\/Persus_Clast_COP-300x150.jpg 300w, https:\/\/www.bredasys.com\/wp-content\/uploads\/2016\/06\/Persus_Clast_COP-768x384.jpg 768w, https:\/\/www.bredasys.com\/wp-content\/uploads\/2016\/06\/Persus_Clast_COP-1024x512.jpg 1024w\" sizes=\"(max-width: 1600px) 100vw, 1600px\" \/><\/p>\n<p style=\"text-align: justify;\">Bien s\u00fbr, les portes doivent \u00e9galement \u00eatre s\u00e9lectionn\u00e9es et con\u00e7ues selon les directives indiqu\u00e9es, pr\u00e9voyant l&rsquo;utilisation de mat\u00e9riaux ignifuges, ainsi que la pr\u00e9sence de syst\u00e8mes de ventilation ad\u00e9quats, qui permettent &#8211; en cas d&rsquo;urgence &#8211; l&rsquo;\u00e9vacuation correcte et rapide des fum\u00e9es.<\/p>\n<table style=\"border-collapse: collapse; width: 100%;\">\n<tbody>\n<tr>\n<td style=\"width: 100%;\">\n<h3>\ud83d\udd17 FERMETURES BREDA : CON\u00c7UES POUR R\u00c9SISTER<\/h3>\n<p><em>Les portes sectionnelles Breda sont fabriqu\u00e9es avec une t\u00f4le solide en acier galvanis\u00e9 ou en aluminium, des mat\u00e9riaux de classe A1, ininflammables et sans \u00e9mission de fum\u00e9e ; donc id\u00e9ales pour lutter contre la propagation des incendies.<br \/>\nDe plus, les mod\u00e8les de la Ligne Domus Breda &#8211; comme le sectionnel r\u00e9sidentiel Sirio &#8211; peuvent \u00eatre \u00e9quip\u00e9s de grilles en t\u00f4le sur mesure qui peuvent \u00eatre positionn\u00e9es n&rsquo;importe o\u00f9 sur le manteau pour assurer un passage d&rsquo;air efficace.<\/em><\/p>\n<table style=\"height: 8px; width: 25.3051%; border-collapse: collapse; border-color: #f7f7f7; background-color: #f7f7f7; border-style: solid;\" border=\"0px\">\n<tbody>\n<tr style=\"height: 12px;\">\n<td style=\"width: 100%; background-color: #028914; border-color: #e9e9e9; border-radius: 8px; height: 12px; border-style: solid; text-align: center;\"><strong><a href=\"https:\/\/www.bredasys.com\/portoni-sezionali-residenziali-domus-line-breda.html\"><span style=\"font-size: 12pt; font-weight: 600; color: #ffffff; font-family: raleway, sans-serif;\">PLUS D&rsquo;INFORMATIONS<\/span><\/a><\/strong><\/td>\n<\/tr>\n<\/tbody>\n<\/table>\n<\/td>\n<\/tr>\n<\/tbody>\n<\/table>\n<h3>Style \u00e9l\u00e9gant et coordonn\u00e9<\/h3>\n<p style=\"text-align: justify;\">Un garage bien con\u00e7u est celui qui sait dialoguer avec l&rsquo;esth\u00e9tique et le style de la maison, m\u00eame lorsqu&rsquo;il s&rsquo;agit de structures plus complexes, comme les immeubles d&rsquo;appartements et les copropri\u00e9t\u00e9s.<br \/>\nEn pr\u00e9sence d&rsquo;un grand nombre de boxes, obtenir un r\u00e9sultat coh\u00e9rent et raffin\u00e9 est possible en utilisant des fermetures au design minimaliste qui peuvent \u00eatre personnalis\u00e9es dans les finitions et les couleurs pour mieux interpr\u00e9ter le caract\u00e8re de l&rsquo;\u00e9difice.<\/p>\n<p style=\"text-align: justify;\">Des panneaux lisses, avec des rev\u00eatements soign\u00e9s et des couleurs douces permettent d&rsquo;exprimer la sophistication, s&rsquo;harmonisant parfaitement avec les contextes les plus divers : du classique au moderne. L&rsquo;utilisation d&rsquo;une ou plusieurs couleurs, m\u00eame vives, permet en revanche de diff\u00e9rencier les diff\u00e9rents \u00e9tages ou zones du garage, donnant une touche d&rsquo;originalit\u00e9 aux b\u00e2timents au charme urbain et contemporain.<\/p>\n<table style=\"border-collapse: collapse; width: 100%;\">\n<tbody>\n<tr>\n<td style=\"width: 100%;\">\n<h3>\ud83d\udd17 \u00c0 CHAQUE BOX, SON DESIGN SUR MESURE<\/h3>\n<p><em>Lorsqu&rsquo;il s&rsquo;agit de portes sectionnelles Breda, les options de personnalisation n&rsquo;ont pas de limites. Du choix du design du manteau et de la couleur, en passant par les motifs et graphiques personnalis\u00e9s, jusqu&rsquo;aux sections vitr\u00e9es personnalisables avec des nuances changeantes et des images imprim\u00e9es avec la technologie laser.<br \/>\nPour les garages de copropri\u00e9t\u00e9, Breda est capable de cr\u00e9er des portes au design coh\u00e9rent et avec des d\u00e9tails sur mesure, rendant chaque box unique et facilement identifiable \u00e0 l&rsquo;appartement correspondant.<\/em><\/p>\n<table style=\"height: 8px; width: 25.3051%; border-collapse: collapse; border-color: #f7f7f7; background-color: #f7f7f7; border-style: solid;\" border=\"0px\">\n<tbody>\n<tr style=\"height: 12px;\">\n<td style=\"width: 100%; background-color: #028914; border-color: #e9e9e9; border-radius: 8px; height: 12px; border-style: solid; text-align: center;\"><strong><a href=\"https:\/\/www.bredasys.com\/portoni-sezionali-residenziali-domus-line-breda.html#colore\"><span style=\"font-size: 12pt; font-weight: 600; color: #ffffff; font-family: raleway, sans-serif;\">PLUS D&rsquo;INFORMATIONS<\/span><\/a><\/strong><\/td>\n<\/tr>\n<\/tbody>\n<\/table>\n<\/td>\n<\/tr>\n<\/tbody>\n<\/table>\n","protected":false},"excerpt":{"rendered":"<p>Une place de parking couverte a toujours \u00e9t\u00e9 l&rsquo;un des \u00e9l\u00e9ments capables d&rsquo;augmenter la valeur d&rsquo;une maison, en particulier lorsqu&rsquo;il s&rsquo;agit d&rsquo;appartements situ\u00e9s en ville et qui peuvent b\u00e9n\u00e9ficier d&rsquo;un garage collectif parfaitement organis\u00e9. Pour optimiser l&rsquo;espace, le design et l&rsquo;efficacit\u00e9, choisir la bonne porte est une \u00e9tape cl\u00e9.<\/p>\n","protected":false},"author":8,"featured_media":80308,"comment_status":"open","ping_status":"open","sticky":false,"template":"","format":"standard","meta":{"_acf_changed":false,"_jetpack_memberships_contains_paid_content":false,"footnotes":""},"categories":[759],"tags":[771],"class_list":["post-80303","post","type-post","status-publish","format-standard","has-post-thumbnail","hentry","category-door-ways-fr","tag-portes-residentielles"],"acf":[],"yoast_head":"<!-- This site is optimized with the Yoast SEO plugin v27.1.1 - https:\/\/yoast.com\/product\/yoast-seo-wordpress\/ -->\n<title>Garages Collectifs : spacieux, s\u00e9curis\u00e9s, design avec portes Breda<\/title>\n<meta name=\"description\" content=\"Door Ways | Pour optimiser l&#039;espace, le design et l&#039;efficacit\u00e9, choisir la bonne porte est une \u00e9tape cl\u00e9.\" \/>\n<meta name=\"robots\" content=\"index, follow, max-snippet:-1, max-image-preview:large, max-video-preview:-1\" \/>\n<link rel=\"canonical\" href=\"https:\/\/www.bredasys.com\/fr\/2023\/11\/garages-collectifs.html\" \/>\n<meta property=\"og:locale\" content=\"fr_FR\" \/>\n<meta property=\"og:type\" content=\"article\" \/>\n<meta property=\"og:title\" content=\"Garages Collectifs : spacieux, s\u00e9curis\u00e9s, design avec portes Breda\" \/>\n<meta property=\"og:description\" content=\"Door Ways | Pour optimiser l&#039;espace, le design et l&#039;efficacit\u00e9, choisir la bonne porte est une \u00e9tape cl\u00e9.\" \/>\n<meta property=\"og:url\" content=\"https:\/\/www.bredasys.com\/fr\/2023\/11\/garages-collectifs.html\" \/>\n<meta property=\"og:site_name\" content=\"Breda Sistemi Industriali S.p.A.\" \/>\n<meta property=\"article:publisher\" content=\"https:\/\/www.facebook.com\/BredaPortoni\/\" \/>\n<meta property=\"article:published_time\" content=\"2023-11-23T13:30:32+00:00\" \/>\n<meta property=\"article:modified_time\" content=\"2024-03-26T08:26:37+00:00\" \/>\n<meta property=\"og:image\" content=\"https:\/\/www.bredasys.com\/wp-content\/uploads\/2023\/11\/Garage-Sotterranei-COP.webp\" \/>\n\t<meta property=\"og:image:width\" content=\"1600\" \/>\n\t<meta property=\"og:image:height\" content=\"800\" \/>\n\t<meta property=\"og:image:type\" content=\"image\/webp\" \/>\n<meta name=\"author\" content=\"Redazione Web Breda\" \/>\n<meta name=\"twitter:card\" content=\"summary_large_image\" \/>\n<meta name=\"twitter:creator\" content=\"@BredaPortoni\" \/>\n<meta name=\"twitter:site\" content=\"@BredaPortoni\" \/>\n<meta name=\"twitter:label1\" content=\"\u00c9crit par\" \/>\n\t<meta name=\"twitter:data1\" content=\"Redazione Web Breda\" \/>\n\t<meta name=\"twitter:label2\" content=\"Dur\u00e9e de lecture estim\u00e9e\" \/>\n\t<meta name=\"twitter:data2\" content=\"7 minutes\" \/>\n<script type=\"application\/ld+json\" class=\"yoast-schema-graph\">{\"@context\":\"https:\/\/schema.org\",\"@graph\":[{\"@type\":\"Article\",\"@id\":\"https:\/\/www.bredasys.com\/fr\/2023\/11\/garages-collectifs.html#article\",\"isPartOf\":{\"@id\":\"https:\/\/www.bredasys.com\/fr\/2023\/11\/garages-collectifs.html\"},\"author\":{\"name\":\"Redazione Web Breda\",\"@id\":\"https:\/\/www.bredasys.com\/fr#\/schema\/person\/b3bf47179366b780119875b335751a49\"},\"headline\":\"Garages Collectifs\",\"datePublished\":\"2023-11-23T13:30:32+00:00\",\"dateModified\":\"2024-03-26T08:26:37+00:00\",\"mainEntityOfPage\":{\"@id\":\"https:\/\/www.bredasys.com\/fr\/2023\/11\/garages-collectifs.html\"},\"wordCount\":1118,\"commentCount\":0,\"publisher\":{\"@id\":\"https:\/\/www.bredasys.com\/fr#organization\"},\"image\":{\"@id\":\"https:\/\/www.bredasys.com\/fr\/2023\/11\/garages-collectifs.html#primaryimage\"},\"thumbnailUrl\":\"https:\/\/www.bredasys.com\/wp-content\/uploads\/2023\/11\/Garage-Sotterranei-COP.webp\",\"keywords\":[\"Portes r\u00e9sidentielles\"],\"articleSection\":[\"DOOR WAYS\"],\"inLanguage\":\"fr-FR\",\"potentialAction\":[{\"@type\":\"CommentAction\",\"name\":\"Comment\",\"target\":[\"https:\/\/www.bredasys.com\/fr\/2023\/11\/garages-collectifs.html#respond\"]}]},{\"@type\":\"WebPage\",\"@id\":\"https:\/\/www.bredasys.com\/fr\/2023\/11\/garages-collectifs.html\",\"url\":\"https:\/\/www.bredasys.com\/fr\/2023\/11\/garages-collectifs.html\",\"name\":\"Garages Collectifs : spacieux, s\u00e9curis\u00e9s, design avec portes Breda\",\"isPartOf\":{\"@id\":\"https:\/\/www.bredasys.com\/fr#website\"},\"primaryImageOfPage\":{\"@id\":\"https:\/\/www.bredasys.com\/fr\/2023\/11\/garages-collectifs.html#primaryimage\"},\"image\":{\"@id\":\"https:\/\/www.bredasys.com\/fr\/2023\/11\/garages-collectifs.html#primaryimage\"},\"thumbnailUrl\":\"https:\/\/www.bredasys.com\/wp-content\/uploads\/2023\/11\/Garage-Sotterranei-COP.webp\",\"datePublished\":\"2023-11-23T13:30:32+00:00\",\"dateModified\":\"2024-03-26T08:26:37+00:00\",\"description\":\"Door Ways | Pour optimiser l'espace, le design et l'efficacit\u00e9, choisir la bonne porte est une \u00e9tape cl\u00e9.\",\"breadcrumb\":{\"@id\":\"https:\/\/www.bredasys.com\/fr\/2023\/11\/garages-collectifs.html#breadcrumb\"},\"inLanguage\":\"fr-FR\",\"potentialAction\":[{\"@type\":\"ReadAction\",\"target\":[\"https:\/\/www.bredasys.com\/fr\/2023\/11\/garages-collectifs.html\"]}]},{\"@type\":\"ImageObject\",\"inLanguage\":\"fr-FR\",\"@id\":\"https:\/\/www.bredasys.com\/fr\/2023\/11\/garages-collectifs.html#primaryimage\",\"url\":\"https:\/\/www.bredasys.com\/wp-content\/uploads\/2023\/11\/Garage-Sotterranei-COP.webp\",\"contentUrl\":\"https:\/\/www.bredasys.com\/wp-content\/uploads\/2023\/11\/Garage-Sotterranei-COP.webp\",\"width\":1600,\"height\":800},{\"@type\":\"BreadcrumbList\",\"@id\":\"https:\/\/www.bredasys.com\/fr\/2023\/11\/garages-collectifs.html#breadcrumb\",\"itemListElement\":[{\"@type\":\"ListItem\",\"position\":1,\"name\":\"Breda\",\"item\":\"https:\/\/www.bredasys.com\/fr\"},{\"@type\":\"ListItem\",\"position\":2,\"name\":\"Garages Collectifs\"}]},{\"@type\":\"WebSite\",\"@id\":\"https:\/\/www.bredasys.com\/fr#website\",\"url\":\"https:\/\/www.bredasys.com\/fr\",\"name\":\"Breda Sistemi Industriali S.p.A.\",\"description\":\"Porte da garage, portoni industriali\",\"publisher\":{\"@id\":\"https:\/\/www.bredasys.com\/fr#organization\"},\"potentialAction\":[{\"@type\":\"SearchAction\",\"target\":{\"@type\":\"EntryPoint\",\"urlTemplate\":\"https:\/\/www.bredasys.com\/fr?s={search_term_string}\"},\"query-input\":{\"@type\":\"PropertyValueSpecification\",\"valueRequired\":true,\"valueName\":\"search_term_string\"}}],\"inLanguage\":\"fr-FR\"},{\"@type\":\"Organization\",\"@id\":\"https:\/\/www.bredasys.com\/fr#organization\",\"name\":\"Breda Sistemi Industriali S.p.A.\",\"alternateName\":\"Breda Portoni\",\"url\":\"https:\/\/www.bredasys.com\/fr\",\"logo\":{\"@type\":\"ImageObject\",\"inLanguage\":\"fr-FR\",\"@id\":\"https:\/\/www.bredasys.com\/fr#\/schema\/logo\/image\/\",\"url\":\"https:\/\/www.bredasys.com\/wp-content\/uploads\/2024\/06\/Logo-Breda-01-quadrato-696.jpg\",\"contentUrl\":\"https:\/\/www.bredasys.com\/wp-content\/uploads\/2024\/06\/Logo-Breda-01-quadrato-696.jpg\",\"width\":696,\"height\":696,\"caption\":\"Breda Sistemi Industriali S.p.A.\"},\"image\":{\"@id\":\"https:\/\/www.bredasys.com\/fr#\/schema\/logo\/image\/\"},\"sameAs\":[\"https:\/\/www.facebook.com\/BredaPortoni\/\",\"https:\/\/x.com\/BredaPortoni\",\"https:\/\/www.linkedin.com\/company\/breda-sistemi-industriali\/\"]},{\"@type\":\"Person\",\"@id\":\"https:\/\/www.bredasys.com\/fr#\/schema\/person\/b3bf47179366b780119875b335751a49\",\"name\":\"Redazione Web Breda\",\"image\":{\"@type\":\"ImageObject\",\"inLanguage\":\"fr-FR\",\"@id\":\"https:\/\/www.bredasys.com\/fr#\/schema\/person\/image\/\",\"url\":\"https:\/\/secure.gravatar.com\/avatar\/a20639befd27fcd4433bb150f98a538941e8f177cc0734737ffadd6120dc04d4?s=96&d=mm&r=g\",\"contentUrl\":\"https:\/\/secure.gravatar.com\/avatar\/a20639befd27fcd4433bb150f98a538941e8f177cc0734737ffadd6120dc04d4?s=96&d=mm&r=g\",\"caption\":\"Redazione Web Breda\"}}]}<\/script>\n<!-- \/ Yoast SEO plugin. -->","yoast_head_json":{"title":"Garages Collectifs : spacieux, s\u00e9curis\u00e9s, design avec portes Breda","description":"Door Ways | Pour optimiser l'espace, le design et l'efficacit\u00e9, choisir la bonne porte est une \u00e9tape cl\u00e9.","robots":{"index":"index","follow":"follow","max-snippet":"max-snippet:-1","max-image-preview":"max-image-preview:large","max-video-preview":"max-video-preview:-1"},"canonical":"https:\/\/www.bredasys.com\/fr\/2023\/11\/garages-collectifs.html","og_locale":"fr_FR","og_type":"article","og_title":"Garages Collectifs : spacieux, s\u00e9curis\u00e9s, design avec portes Breda","og_description":"Door Ways | Pour optimiser l'espace, le design et l'efficacit\u00e9, choisir la bonne porte est une \u00e9tape cl\u00e9.","og_url":"https:\/\/www.bredasys.com\/fr\/2023\/11\/garages-collectifs.html","og_site_name":"Breda Sistemi Industriali S.p.A.","article_publisher":"https:\/\/www.facebook.com\/BredaPortoni\/","article_published_time":"2023-11-23T13:30:32+00:00","article_modified_time":"2024-03-26T08:26:37+00:00","og_image":[{"width":1600,"height":800,"url":"https:\/\/www.bredasys.com\/wp-content\/uploads\/2023\/11\/Garage-Sotterranei-COP.webp","type":"image\/webp"}],"author":"Redazione Web Breda","twitter_card":"summary_large_image","twitter_creator":"@BredaPortoni","twitter_site":"@BredaPortoni","twitter_misc":{"\u00c9crit par":"Redazione Web Breda","Dur\u00e9e de lecture estim\u00e9e":"7 minutes"},"schema":{"@context":"https:\/\/schema.org","@graph":[{"@type":"Article","@id":"https:\/\/www.bredasys.com\/fr\/2023\/11\/garages-collectifs.html#article","isPartOf":{"@id":"https:\/\/www.bredasys.com\/fr\/2023\/11\/garages-collectifs.html"},"author":{"name":"Redazione Web Breda","@id":"https:\/\/www.bredasys.com\/fr#\/schema\/person\/b3bf47179366b780119875b335751a49"},"headline":"Garages Collectifs","datePublished":"2023-11-23T13:30:32+00:00","dateModified":"2024-03-26T08:26:37+00:00","mainEntityOfPage":{"@id":"https:\/\/www.bredasys.com\/fr\/2023\/11\/garages-collectifs.html"},"wordCount":1118,"commentCount":0,"publisher":{"@id":"https:\/\/www.bredasys.com\/fr#organization"},"image":{"@id":"https:\/\/www.bredasys.com\/fr\/2023\/11\/garages-collectifs.html#primaryimage"},"thumbnailUrl":"https:\/\/www.bredasys.com\/wp-content\/uploads\/2023\/11\/Garage-Sotterranei-COP.webp","keywords":["Portes r\u00e9sidentielles"],"articleSection":["DOOR WAYS"],"inLanguage":"fr-FR","potentialAction":[{"@type":"CommentAction","name":"Comment","target":["https:\/\/www.bredasys.com\/fr\/2023\/11\/garages-collectifs.html#respond"]}]},{"@type":"WebPage","@id":"https:\/\/www.bredasys.com\/fr\/2023\/11\/garages-collectifs.html","url":"https:\/\/www.bredasys.com\/fr\/2023\/11\/garages-collectifs.html","name":"Garages Collectifs : spacieux, s\u00e9curis\u00e9s, design avec portes Breda","isPartOf":{"@id":"https:\/\/www.bredasys.com\/fr#website"},"primaryImageOfPage":{"@id":"https:\/\/www.bredasys.com\/fr\/2023\/11\/garages-collectifs.html#primaryimage"},"image":{"@id":"https:\/\/www.bredasys.com\/fr\/2023\/11\/garages-collectifs.html#primaryimage"},"thumbnailUrl":"https:\/\/www.bredasys.com\/wp-content\/uploads\/2023\/11\/Garage-Sotterranei-COP.webp","datePublished":"2023-11-23T13:30:32+00:00","dateModified":"2024-03-26T08:26:37+00:00","description":"Door Ways | Pour optimiser l'espace, le design et l'efficacit\u00e9, choisir la bonne porte est une \u00e9tape cl\u00e9.","breadcrumb":{"@id":"https:\/\/www.bredasys.com\/fr\/2023\/11\/garages-collectifs.html#breadcrumb"},"inLanguage":"fr-FR","potentialAction":[{"@type":"ReadAction","target":["https:\/\/www.bredasys.com\/fr\/2023\/11\/garages-collectifs.html"]}]},{"@type":"ImageObject","inLanguage":"fr-FR","@id":"https:\/\/www.bredasys.com\/fr\/2023\/11\/garages-collectifs.html#primaryimage","url":"https:\/\/www.bredasys.com\/wp-content\/uploads\/2023\/11\/Garage-Sotterranei-COP.webp","contentUrl":"https:\/\/www.bredasys.com\/wp-content\/uploads\/2023\/11\/Garage-Sotterranei-COP.webp","width":1600,"height":800},{"@type":"BreadcrumbList","@id":"https:\/\/www.bredasys.com\/fr\/2023\/11\/garages-collectifs.html#breadcrumb","itemListElement":[{"@type":"ListItem","position":1,"name":"Breda","item":"https:\/\/www.bredasys.com\/fr"},{"@type":"ListItem","position":2,"name":"Garages Collectifs"}]},{"@type":"WebSite","@id":"https:\/\/www.bredasys.com\/fr#website","url":"https:\/\/www.bredasys.com\/fr","name":"Breda Sistemi Industriali S.p.A.","description":"Porte da garage, portoni industriali","publisher":{"@id":"https:\/\/www.bredasys.com\/fr#organization"},"potentialAction":[{"@type":"SearchAction","target":{"@type":"EntryPoint","urlTemplate":"https:\/\/www.bredasys.com\/fr?s={search_term_string}"},"query-input":{"@type":"PropertyValueSpecification","valueRequired":true,"valueName":"search_term_string"}}],"inLanguage":"fr-FR"},{"@type":"Organization","@id":"https:\/\/www.bredasys.com\/fr#organization","name":"Breda Sistemi Industriali S.p.A.","alternateName":"Breda Portoni","url":"https:\/\/www.bredasys.com\/fr","logo":{"@type":"ImageObject","inLanguage":"fr-FR","@id":"https:\/\/www.bredasys.com\/fr#\/schema\/logo\/image\/","url":"https:\/\/www.bredasys.com\/wp-content\/uploads\/2024\/06\/Logo-Breda-01-quadrato-696.jpg","contentUrl":"https:\/\/www.bredasys.com\/wp-content\/uploads\/2024\/06\/Logo-Breda-01-quadrato-696.jpg","width":696,"height":696,"caption":"Breda Sistemi Industriali S.p.A."},"image":{"@id":"https:\/\/www.bredasys.com\/fr#\/schema\/logo\/image\/"},"sameAs":["https:\/\/www.facebook.com\/BredaPortoni\/","https:\/\/x.com\/BredaPortoni","https:\/\/www.linkedin.com\/company\/breda-sistemi-industriali\/"]},{"@type":"Person","@id":"https:\/\/www.bredasys.com\/fr#\/schema\/person\/b3bf47179366b780119875b335751a49","name":"Redazione Web Breda","image":{"@type":"ImageObject","inLanguage":"fr-FR","@id":"https:\/\/www.bredasys.com\/fr#\/schema\/person\/image\/","url":"https:\/\/secure.gravatar.com\/avatar\/a20639befd27fcd4433bb150f98a538941e8f177cc0734737ffadd6120dc04d4?s=96&d=mm&r=g","contentUrl":"https:\/\/secure.gravatar.com\/avatar\/a20639befd27fcd4433bb150f98a538941e8f177cc0734737ffadd6120dc04d4?s=96&d=mm&r=g","caption":"Redazione Web Breda"}}]}},"jetpack_featured_media_url":"https:\/\/www.bredasys.com\/wp-content\/uploads\/2023\/11\/Garage-Sotterranei-COP.webp","jetpack_sharing_enabled":true,"_links":{"self":[{"href":"https:\/\/www.bredasys.com\/fr\/wp-json\/wp\/v2\/posts\/80303","targetHints":{"allow":["GET"]}}],"collection":[{"href":"https:\/\/www.bredasys.com\/fr\/wp-json\/wp\/v2\/posts"}],"about":[{"href":"https:\/\/www.bredasys.com\/fr\/wp-json\/wp\/v2\/types\/post"}],"author":[{"embeddable":true,"href":"https:\/\/www.bredasys.com\/fr\/wp-json\/wp\/v2\/users\/8"}],"replies":[{"embeddable":true,"href":"https:\/\/www.bredasys.com\/fr\/wp-json\/wp\/v2\/comments?post=80303"}],"version-history":[{"count":0,"href":"https:\/\/www.bredasys.com\/fr\/wp-json\/wp\/v2\/posts\/80303\/revisions"}],"wp:featuredmedia":[{"embeddable":true,"href":"https:\/\/www.bredasys.com\/fr\/wp-json\/wp\/v2\/media\/80308"}],"wp:attachment":[{"href":"https:\/\/www.bredasys.com\/fr\/wp-json\/wp\/v2\/media?parent=80303"}],"wp:term":[{"taxonomy":"category","embeddable":true,"href":"https:\/\/www.bredasys.com\/fr\/wp-json\/wp\/v2\/categories?post=80303"},{"taxonomy":"post_tag","embeddable":true,"href":"https:\/\/www.bredasys.com\/fr\/wp-json\/wp\/v2\/tags?post=80303"}],"curies":[{"name":"wp","href":"https:\/\/api.w.org\/{rel}","templated":true}]}}