{"id":73063,"date":"2022-03-17T10:26:20","date_gmt":"2022-03-17T09:26:20","guid":{"rendered":"http:\/\/bredasys.com\/2022\/03\/the-architecture-of-business-and-well-being.html"},"modified":"2026-01-22T16:35:00","modified_gmt":"2026-01-22T15:35:00","slug":"the-architecture-of-business-and-well-being","status":"publish","type":"post","link":"https:\/\/www.bredasys.com\/fr\/2022\/03\/the-architecture-of-business-and-well-being.html","title":{"rendered":"The architecture of business and well-being"},"content":{"rendered":"<h2>CORPORATE SPACES AS A RESOURCE TO VALUE WORKERS<\/h2>\n<p style=\"text-align: justify;\"><em>Efficiency, safety, but also productivity and employee satisfaction. Optimizing each of these aspects involves carefully conceived work spaces that pursue corporate goals and promote the health of those who are part of it<\/em><\/p>\n<p style=\"text-align: justify;\">The well-being of any company is closely linked to that of its employees. In fact, the happiest and most fulfilled employees tend to show greater concentration, initiative and productivity, as well as a longer stay within the company. Not surprisingly, a report conducted in 2021 by ManpowerGroup shows that 49% of employed Italians would be willing to change companies in exchange for greater well-being. A data that has significantly contributed to the pandemic, placing a new emphasis on issues related to safety, psycho-physical health and the importance of working in contexts &#8211; physical and social &#8211; capable of valorizing them.<\/p>\n<p style=\"text-align: justify;\">In this scenario, the design of traditionally business-related places has also seen a radical change: not only offices, but also production facilities today require an innovative approach that combines efficiency and functionality with solutions that increase the comfort of collaborators.<\/p>\n<p><img fetchpriority=\"high\" decoding=\"async\" class=\"wp-image-28871 size-full aligncenter\" src=\"https:\/\/www.bredasys.com\/wp-content\/uploads\/2018\/12\/Portoni-sezionali-Alu-Line-Breda-COP.jpg\" alt=\"Breda Alu Line Sectional Doors\" width=\"1600\" height=\"800\" srcset=\"https:\/\/www.bredasys.com\/wp-content\/uploads\/2018\/12\/Portoni-sezionali-Alu-Line-Breda-COP.jpg 1600w, https:\/\/www.bredasys.com\/wp-content\/uploads\/2018\/12\/Portoni-sezionali-Alu-Line-Breda-COP-300x150.jpg 300w, https:\/\/www.bredasys.com\/wp-content\/uploads\/2018\/12\/Portoni-sezionali-Alu-Line-Breda-COP-768x384.jpg 768w, https:\/\/www.bredasys.com\/wp-content\/uploads\/2018\/12\/Portoni-sezionali-Alu-Line-Breda-COP-1024x512.jpg 1024w\" sizes=\"(max-width: 1600px) 100vw, 1600px\" \/><\/p>\n<h2>Natural light to strengthen the body and mood<\/h2>\n<p style=\"text-align: justify;\">The main ingredient for well-being at work is the sun or, more precisely, the possibility of constantly being exposed to natural light and, in the best of designs, also to a pleasant view of the surrounding environment.<\/p>\n<p style=\"text-align: justify;\">The presence of a natural light source not only allows us to perceive the passing of time (effectively regulating the body&rsquo;s physiological rhythms, such as sleep and wakefulness, or concentration and relaxation), but also allows us to synthesize vitamin D, which is very important for bones and the immune system, and to activate &#8211; alternately with darkness &#8211; the production of melatonin, which affects the quality of sleep and the prevention of carcinogenic processes.<br \/>\nLarge openings to the outside can also impact mood and concentration: spaces with insufficient windows tend to cause psychological discomfort, usually amplified by the widespread use of cold artificial lighting.<\/p>\n<p style=\"text-align: justify;\">Designing the inclusion of windows and glass surfaces becomes essential, as is their correct positioning that must be able to take advantage of the sun&rsquo;s rays for as long as possible during the day &#8211; also favoring energy savings &#8211; and be made available to workers.<br \/>\nIn particular, production sites see windows, usually located at the top of the building, lowered to human height to take advantage of the view and the entry of light. Similarly, doors, passages and doors also become glazed to exploit the potential of each opening.<\/p>\n<table style=\"border-collapse: collapse; width: 100%; height: 191px;\">\n<tbody>\n<tr style=\"height: 191px;\">\n<td style=\"width: 100%; height: 191px;\">\n<h3>\ud83d\udd17 FULL LIGHT, WITH ALU LINE<\/h3>\n<p><em>The large transparent sections of Breda&rsquo;s Lux, Luxor and Full Vision sectional doors allow light to filter into production spaces, providing comfort for workers and pleasant natural lighting. Made completely to measure, they are designed to adapt to any architectural context, also proposing functional options such as pedestrian doors, blackout windows and automation.<\/em><\/p>\n<table style=\"height: 8px; width: 25.3051%; border-collapse: collapse; border-color: #f7f7f7; background-color: #f7f7f7; border-style: solid;\" border=\"0px\">\n<tbody>\n<tr style=\"height: 12px;\">\n<td style=\"width: 100%; background-color: #028914; border-color: #e9e9e9; border-radius: 8px; height: 12px; border-style: solid; text-align: center;\"><strong><a href=\"https:\/\/www.bredasys.com\/fr\/portes-sectionnelles-vitrees-alu-line-breda.html\"><span style=\"font-size: 12pt; font-weight: 600; color: #ffffff; font-family: raleway, sans-serif;\">INSIGHT<\/span><\/a><\/strong><\/td>\n<\/tr>\n<\/tbody>\n<\/table>\n<\/td>\n<\/tr>\n<\/tbody>\n<\/table>\n<h2>Thermal and acoustic comfort for industry as well<\/h2>\n<p style=\"text-align: justify;\">Ensuring employees a sheltered, well-insulated and climatically comfortable space in every season is a fundamental requirement, regulated by specific norms on the microclimate of company environments, which indicate optimal values for air temperature, humidity, mean radiant temperature and the speed of possible air currents.<br \/>\nThese aspects can indeed impact the well-being of workers, but also the risk assessments of workplaces, especially for those activities subjected to thermal stress (cold chains and industrial production) or frequent transitions between inside and outside, such as production areas, workshops and logistics departments.<\/p>\n<p style=\"text-align: justify;\">In this case, industrial architecture can count on advanced solutions that allow the environment to be insulated, to maintain the desired temperature inside, without incurring high energy consumption. Walls, windows and doors can in fact make use of systems that act by exploiting the thickness of the profiles and the presence of special inserts in the joint, such as seals or gaskets, which limit the flow of air and maintain a constant temperature.<\/p>\n<table style=\"border-collapse: collapse; width: 100%;\">\n<tbody>\n<tr>\n<td style=\"width: 100%;\">\n<h3>\ud83d\udd17 WITH FROST, THE TEMPERATURE IS ALWAYS PERFECT<\/h3>\n<p><em>To optimize the thermal and acoustic insulation of its sectional doors, Breda has created the double-action Frost fitting. A special internal coating of the cover allows for panel thicknesses of 68 or 83 millimeters depending on the desired performance, while double-lipped front seals and single-lipped side seals seal the perimeter of the door, protecting the interior space from annoying drafts and infiltration. With certified resistance to wind, air, and water, Frost has a thermal insulation coefficient of 2.65 W\/m2\u00b0K* for 68 millimeter panels and 2.22 W\/m2\u00b0K* for 83 millimeter panels.<\/em><\/p>\n<table style=\"height: 8px; width: 25.3051%; border-collapse: collapse; border-color: #f7f7f7; background-color: #f7f7f7; border-style: solid;\" border=\"0px\">\n<tbody>\n<tr style=\"height: 12px;\">\n<td style=\"width: 100%; background-color: #028914; border-color: #e9e9e9; border-radius: 8px; height: 12px; border-style: solid; text-align: center;\"><strong><a href=\"https:\/\/www.bredasys.com\/fr\/portes-sectionnelles-residentielles-domus-line-breda.html#frost\"><span style=\"font-size: 12pt; font-weight: 600; color: #ffffff; font-family: raleway, sans-serif;\">INSIGHT<\/span><\/a><\/strong><\/td>\n<\/tr>\n<\/tbody>\n<\/table>\n<\/td>\n<\/tr>\n<\/tbody>\n<\/table>\n<p style=\"text-align: justify;\">But the necessary insulation is often also against noise, in the case of departments with high levels of noise pollution that must therefore be contained with respect to the rest of the production line.<br \/>\nNot only must the environment be soundproofed from the outside, but transitions must also be particularly fast in order to limit the dispersion of noise: a perfect task for a high-insulating rapid door.<\/p>\n<table style=\"border-collapse: collapse; width: 100%;\">\n<tbody>\n<tr>\n<td style=\"width: 100%;\">\n<h3>\ud83d\udd17 UNMATCHED SPEED AND INSULATION: HERE&rsquo;S THUNDER<\/h3>\n<p><em>Thunder is Breda&rsquo;s first insulated aluminum rapid door with a 50 millimeter thickness. Thanks to a spiral sliding system, the panels roll up at a speed of two meters per second without contact or wear on the elements and with the safety of a photocell system to prevent the door from dropping during transit. Thunder also offers maximum thermal and acoustic insulation with minimal encumbrance, as the structure is rationalized in a compact design that does not require ropes or ceiling anchors for installation.<\/em><\/p>\n<table style=\"height: 8px; width: 25.3051%; border-collapse: collapse; border-color: #f7f7f7; background-color: #f7f7f7; border-style: solid;\" border=\"0px\">\n<tbody>\n<tr style=\"height: 12px;\">\n<td style=\"width: 100%; background-color: #028914; border-color: #e9e9e9; border-radius: 8px; height: 12px; border-style: solid; text-align: center;\"><strong><a href=\"https:\/\/www.bredasys.com\/fr\/portes-rapides-en-pvc-et-isolees-breda.html#thunder\"><span style=\"font-size: 12pt; font-weight: 600; color: #ffffff; font-family: raleway, sans-serif;\">INSIGHT<\/span><\/a><\/strong><\/td>\n<\/tr>\n<\/tbody>\n<\/table>\n<\/td>\n<\/tr>\n<\/tbody>\n<\/table>\n<h2>Weather-proof solutions<\/h2>\n<p style=\"text-align: justify;\">For carriers and logistics personnel, constantly engaged in loading and unloading activities, the ability to carry out their duties protected from cold temperatures, wind, and precipitation represents much more than a comfort, but a real necessity.<br \/>\nEven the design of loading areas can therefore be implemented in favor of the well-being of workers, choosing to equip each access with effective isothermal portals, ideal also for preserving the transported goods and the internal thermal insulation of company spaces.<\/p>\n<table style=\"border-collapse: collapse; width: 100%;\">\n<tbody>\n<tr>\n<td style=\"width: 100%;\">\n<h3>\ud83d\udd17 BREDA PORTALS, TO MEASURE YOUR COMPANY<\/h3>\n<p><em>The perfect complement to any loading bay, Breda&rsquo;s isothermal portals are designed to provide shelter against atmospheric events, allowing logistics operations to be carried out in a practical, fast, and compliant way with current health regulations. An accessory to be combined with Breda doors and platforms for a guaranteed effective loading point.<\/em><\/p>\n<table style=\"height: 8px; width: 25.3051%; border-collapse: collapse; border-color: #f7f7f7; background-color: #f7f7f7; border-style: solid;\" border=\"0px\">\n<tbody>\n<tr style=\"height: 12px;\">\n<td style=\"width: 100%; background-color: #028914; border-color: #e9e9e9; border-radius: 8px; height: 12px; border-style: solid; text-align: center;\"><strong><a href=\"https:\/\/www.bredasys.com\/fr\/points-de-chargement-breda.html\"><span style=\"font-size: 12pt; font-weight: 600; color: #ffffff; font-family: raleway, sans-serif;\">INSIGHT<\/span><\/a><\/strong><\/td>\n<\/tr>\n<\/tbody>\n<\/table>\n<\/td>\n<\/tr>\n<\/tbody>\n<\/table>\n","protected":false},"excerpt":{"rendered":"<p>The effectiveness of company spaces is measured not only by their ability to optimize work processes, but also by the well-being they can offer to those who use them. Safe, bright, and comfortable environments have a positive effect on the mood and health of workers, with benefits that also extend to professional performance.<br \/>\nFor this reason, Breda has developed a complete range of solutions for the design of innovative and functional work places. Discover all the details now, visiting the dedicated article. <\/p>\n","protected":false},"author":8,"featured_media":53924,"comment_status":"open","ping_status":"open","sticky":false,"template":"","format":"standard","meta":{"_acf_changed":false,"_jetpack_memberships_contains_paid_content":false,"footnotes":""},"categories":[759],"tags":[765],"class_list":["post-73063","post","type-post","status-publish","format-standard","has-post-thumbnail","hentry","category-door-ways-fr","tag-portes-industrielles"],"acf":[],"yoast_head":"<!-- This site is optimized with the Yoast SEO plugin v27.1.1 - https:\/\/yoast.com\/product\/yoast-seo-wordpress\/ -->\n<title>Durable and renewable materials. The &quot;green&quot; quality of Breda doors<\/title>\n<meta name=\"description\" content=\"Breda is Blog | Steel, aluminum or wood: for sustainable design closures, choose Breda quality.\" \/>\n<meta name=\"robots\" content=\"index, follow, max-snippet:-1, max-image-preview:large, max-video-preview:-1\" \/>\n<link rel=\"canonical\" href=\"https:\/\/www.bredasys.com\/fr\/2022\/03\/the-architecture-of-business-and-well-being.html\" \/>\n<meta property=\"og:locale\" content=\"fr_FR\" \/>\n<meta property=\"og:type\" content=\"article\" \/>\n<meta property=\"og:title\" content=\"Durable and renewable materials. The &quot;green&quot; quality of Breda doors\" \/>\n<meta property=\"og:description\" content=\"Breda is Blog | Steel, aluminum or wood: for sustainable design closures, choose Breda quality.\" \/>\n<meta property=\"og:url\" content=\"https:\/\/www.bredasys.com\/fr\/2022\/03\/the-architecture-of-business-and-well-being.html\" \/>\n<meta property=\"og:site_name\" content=\"Breda Sistemi Industriali S.p.A.\" \/>\n<meta property=\"article:publisher\" content=\"https:\/\/www.facebook.com\/BredaPortoni\/\" \/>\n<meta property=\"article:published_time\" content=\"2022-03-17T09:26:20+00:00\" \/>\n<meta property=\"article:modified_time\" content=\"2026-01-22T15:35:00+00:00\" \/>\n<meta property=\"og:image\" content=\"https:\/\/www.bredasys.com\/wp-content\/uploads\/2022\/03\/arechitettura-business-benessere-COP.jpg\" \/>\n\t<meta property=\"og:image:width\" content=\"1600\" \/>\n\t<meta property=\"og:image:height\" content=\"800\" \/>\n\t<meta property=\"og:image:type\" content=\"image\/jpeg\" \/>\n<meta name=\"author\" content=\"Redazione Web Breda\" \/>\n<meta name=\"twitter:card\" content=\"summary_large_image\" \/>\n<meta name=\"twitter:creator\" content=\"@BredaPortoni\" \/>\n<meta name=\"twitter:site\" content=\"@BredaPortoni\" \/>\n<meta name=\"twitter:label1\" content=\"\u00c9crit par\" \/>\n\t<meta name=\"twitter:data1\" content=\"Redazione Web Breda\" \/>\n\t<meta name=\"twitter:label2\" content=\"Dur\u00e9e de lecture estim\u00e9e\" \/>\n\t<meta name=\"twitter:data2\" content=\"5 minutes\" \/>\n<script type=\"application\/ld+json\" class=\"yoast-schema-graph\">{\"@context\":\"https:\/\/schema.org\",\"@graph\":[{\"@type\":\"Article\",\"@id\":\"https:\/\/www.bredasys.com\/fr\/2022\/03\/the-architecture-of-business-and-well-being.html#article\",\"isPartOf\":{\"@id\":\"https:\/\/www.bredasys.com\/fr\/2022\/03\/the-architecture-of-business-and-well-being.html\"},\"author\":{\"name\":\"Redazione Web Breda\",\"@id\":\"https:\/\/www.bredasys.com\/fr#\/schema\/person\/b3bf47179366b780119875b335751a49\"},\"headline\":\"The architecture of business and well-being\",\"datePublished\":\"2022-03-17T09:26:20+00:00\",\"dateModified\":\"2026-01-22T15:35:00+00:00\",\"mainEntityOfPage\":{\"@id\":\"https:\/\/www.bredasys.com\/fr\/2022\/03\/the-architecture-of-business-and-well-being.html\"},\"wordCount\":1049,\"commentCount\":0,\"publisher\":{\"@id\":\"https:\/\/www.bredasys.com\/fr#organization\"},\"image\":{\"@id\":\"https:\/\/www.bredasys.com\/fr\/2022\/03\/the-architecture-of-business-and-well-being.html#primaryimage\"},\"thumbnailUrl\":\"https:\/\/www.bredasys.com\/wp-content\/uploads\/2022\/03\/arechitettura-business-benessere-COP.jpg\",\"keywords\":[\"Portes industrielles\"],\"articleSection\":[\"DOOR WAYS\"],\"inLanguage\":\"fr-FR\",\"potentialAction\":[{\"@type\":\"CommentAction\",\"name\":\"Comment\",\"target\":[\"https:\/\/www.bredasys.com\/fr\/2022\/03\/the-architecture-of-business-and-well-being.html#respond\"]}]},{\"@type\":\"WebPage\",\"@id\":\"https:\/\/www.bredasys.com\/fr\/2022\/03\/the-architecture-of-business-and-well-being.html\",\"url\":\"https:\/\/www.bredasys.com\/fr\/2022\/03\/the-architecture-of-business-and-well-being.html\",\"name\":\"Durable and renewable materials. The \\\"green\\\" quality of Breda doors\",\"isPartOf\":{\"@id\":\"https:\/\/www.bredasys.com\/fr#website\"},\"primaryImageOfPage\":{\"@id\":\"https:\/\/www.bredasys.com\/fr\/2022\/03\/the-architecture-of-business-and-well-being.html#primaryimage\"},\"image\":{\"@id\":\"https:\/\/www.bredasys.com\/fr\/2022\/03\/the-architecture-of-business-and-well-being.html#primaryimage\"},\"thumbnailUrl\":\"https:\/\/www.bredasys.com\/wp-content\/uploads\/2022\/03\/arechitettura-business-benessere-COP.jpg\",\"datePublished\":\"2022-03-17T09:26:20+00:00\",\"dateModified\":\"2026-01-22T15:35:00+00:00\",\"description\":\"Breda is Blog | Steel, aluminum or wood: for sustainable design closures, choose Breda quality.\",\"breadcrumb\":{\"@id\":\"https:\/\/www.bredasys.com\/fr\/2022\/03\/the-architecture-of-business-and-well-being.html#breadcrumb\"},\"inLanguage\":\"fr-FR\",\"potentialAction\":[{\"@type\":\"ReadAction\",\"target\":[\"https:\/\/www.bredasys.com\/fr\/2022\/03\/the-architecture-of-business-and-well-being.html\"]}]},{\"@type\":\"ImageObject\",\"inLanguage\":\"fr-FR\",\"@id\":\"https:\/\/www.bredasys.com\/fr\/2022\/03\/the-architecture-of-business-and-well-being.html#primaryimage\",\"url\":\"https:\/\/www.bredasys.com\/wp-content\/uploads\/2022\/03\/arechitettura-business-benessere-COP.jpg\",\"contentUrl\":\"https:\/\/www.bredasys.com\/wp-content\/uploads\/2022\/03\/arechitettura-business-benessere-COP.jpg\",\"width\":1600,\"height\":800},{\"@type\":\"BreadcrumbList\",\"@id\":\"https:\/\/www.bredasys.com\/fr\/2022\/03\/the-architecture-of-business-and-well-being.html#breadcrumb\",\"itemListElement\":[{\"@type\":\"ListItem\",\"position\":1,\"name\":\"Breda\",\"item\":\"https:\/\/www.bredasys.com\/fr\"},{\"@type\":\"ListItem\",\"position\":2,\"name\":\"The architecture of business and well-being\"}]},{\"@type\":\"WebSite\",\"@id\":\"https:\/\/www.bredasys.com\/fr#website\",\"url\":\"https:\/\/www.bredasys.com\/fr\",\"name\":\"Breda Sistemi Industriali S.p.A.\",\"description\":\"Porte da garage, portoni industriali\",\"publisher\":{\"@id\":\"https:\/\/www.bredasys.com\/fr#organization\"},\"potentialAction\":[{\"@type\":\"SearchAction\",\"target\":{\"@type\":\"EntryPoint\",\"urlTemplate\":\"https:\/\/www.bredasys.com\/fr?s={search_term_string}\"},\"query-input\":{\"@type\":\"PropertyValueSpecification\",\"valueRequired\":true,\"valueName\":\"search_term_string\"}}],\"inLanguage\":\"fr-FR\"},{\"@type\":\"Organization\",\"@id\":\"https:\/\/www.bredasys.com\/fr#organization\",\"name\":\"Breda Sistemi Industriali S.p.A.\",\"alternateName\":\"Breda Portoni\",\"url\":\"https:\/\/www.bredasys.com\/fr\",\"logo\":{\"@type\":\"ImageObject\",\"inLanguage\":\"fr-FR\",\"@id\":\"https:\/\/www.bredasys.com\/fr#\/schema\/logo\/image\/\",\"url\":\"https:\/\/www.bredasys.com\/wp-content\/uploads\/2024\/06\/Logo-Breda-01-quadrato-696.jpg\",\"contentUrl\":\"https:\/\/www.bredasys.com\/wp-content\/uploads\/2024\/06\/Logo-Breda-01-quadrato-696.jpg\",\"width\":696,\"height\":696,\"caption\":\"Breda Sistemi Industriali S.p.A.\"},\"image\":{\"@id\":\"https:\/\/www.bredasys.com\/fr#\/schema\/logo\/image\/\"},\"sameAs\":[\"https:\/\/www.facebook.com\/BredaPortoni\/\",\"https:\/\/x.com\/BredaPortoni\",\"https:\/\/www.linkedin.com\/company\/breda-sistemi-industriali\/\"]},{\"@type\":\"Person\",\"@id\":\"https:\/\/www.bredasys.com\/fr#\/schema\/person\/b3bf47179366b780119875b335751a49\",\"name\":\"Redazione Web Breda\",\"image\":{\"@type\":\"ImageObject\",\"inLanguage\":\"fr-FR\",\"@id\":\"https:\/\/www.bredasys.com\/fr#\/schema\/person\/image\/\",\"url\":\"https:\/\/secure.gravatar.com\/avatar\/a20639befd27fcd4433bb150f98a538941e8f177cc0734737ffadd6120dc04d4?s=96&d=mm&r=g\",\"contentUrl\":\"https:\/\/secure.gravatar.com\/avatar\/a20639befd27fcd4433bb150f98a538941e8f177cc0734737ffadd6120dc04d4?s=96&d=mm&r=g\",\"caption\":\"Redazione Web Breda\"}}]}<\/script>\n<!-- \/ Yoast SEO plugin. -->","yoast_head_json":{"title":"Durable and renewable materials. The \"green\" quality of Breda doors","description":"Breda is Blog | Steel, aluminum or wood: for sustainable design closures, choose Breda quality.","robots":{"index":"index","follow":"follow","max-snippet":"max-snippet:-1","max-image-preview":"max-image-preview:large","max-video-preview":"max-video-preview:-1"},"canonical":"https:\/\/www.bredasys.com\/fr\/2022\/03\/the-architecture-of-business-and-well-being.html","og_locale":"fr_FR","og_type":"article","og_title":"Durable and renewable materials. The \"green\" quality of Breda doors","og_description":"Breda is Blog | Steel, aluminum or wood: for sustainable design closures, choose Breda quality.","og_url":"https:\/\/www.bredasys.com\/fr\/2022\/03\/the-architecture-of-business-and-well-being.html","og_site_name":"Breda Sistemi Industriali S.p.A.","article_publisher":"https:\/\/www.facebook.com\/BredaPortoni\/","article_published_time":"2022-03-17T09:26:20+00:00","article_modified_time":"2026-01-22T15:35:00+00:00","og_image":[{"width":1600,"height":800,"url":"https:\/\/www.bredasys.com\/wp-content\/uploads\/2022\/03\/arechitettura-business-benessere-COP.jpg","type":"image\/jpeg"}],"author":"Redazione Web Breda","twitter_card":"summary_large_image","twitter_creator":"@BredaPortoni","twitter_site":"@BredaPortoni","twitter_misc":{"\u00c9crit par":"Redazione Web Breda","Dur\u00e9e de lecture estim\u00e9e":"5 minutes"},"schema":{"@context":"https:\/\/schema.org","@graph":[{"@type":"Article","@id":"https:\/\/www.bredasys.com\/fr\/2022\/03\/the-architecture-of-business-and-well-being.html#article","isPartOf":{"@id":"https:\/\/www.bredasys.com\/fr\/2022\/03\/the-architecture-of-business-and-well-being.html"},"author":{"name":"Redazione Web Breda","@id":"https:\/\/www.bredasys.com\/fr#\/schema\/person\/b3bf47179366b780119875b335751a49"},"headline":"The architecture of business and well-being","datePublished":"2022-03-17T09:26:20+00:00","dateModified":"2026-01-22T15:35:00+00:00","mainEntityOfPage":{"@id":"https:\/\/www.bredasys.com\/fr\/2022\/03\/the-architecture-of-business-and-well-being.html"},"wordCount":1049,"commentCount":0,"publisher":{"@id":"https:\/\/www.bredasys.com\/fr#organization"},"image":{"@id":"https:\/\/www.bredasys.com\/fr\/2022\/03\/the-architecture-of-business-and-well-being.html#primaryimage"},"thumbnailUrl":"https:\/\/www.bredasys.com\/wp-content\/uploads\/2022\/03\/arechitettura-business-benessere-COP.jpg","keywords":["Portes industrielles"],"articleSection":["DOOR WAYS"],"inLanguage":"fr-FR","potentialAction":[{"@type":"CommentAction","name":"Comment","target":["https:\/\/www.bredasys.com\/fr\/2022\/03\/the-architecture-of-business-and-well-being.html#respond"]}]},{"@type":"WebPage","@id":"https:\/\/www.bredasys.com\/fr\/2022\/03\/the-architecture-of-business-and-well-being.html","url":"https:\/\/www.bredasys.com\/fr\/2022\/03\/the-architecture-of-business-and-well-being.html","name":"Durable and renewable materials. The \"green\" quality of Breda doors","isPartOf":{"@id":"https:\/\/www.bredasys.com\/fr#website"},"primaryImageOfPage":{"@id":"https:\/\/www.bredasys.com\/fr\/2022\/03\/the-architecture-of-business-and-well-being.html#primaryimage"},"image":{"@id":"https:\/\/www.bredasys.com\/fr\/2022\/03\/the-architecture-of-business-and-well-being.html#primaryimage"},"thumbnailUrl":"https:\/\/www.bredasys.com\/wp-content\/uploads\/2022\/03\/arechitettura-business-benessere-COP.jpg","datePublished":"2022-03-17T09:26:20+00:00","dateModified":"2026-01-22T15:35:00+00:00","description":"Breda is Blog | Steel, aluminum or wood: for sustainable design closures, choose Breda quality.","breadcrumb":{"@id":"https:\/\/www.bredasys.com\/fr\/2022\/03\/the-architecture-of-business-and-well-being.html#breadcrumb"},"inLanguage":"fr-FR","potentialAction":[{"@type":"ReadAction","target":["https:\/\/www.bredasys.com\/fr\/2022\/03\/the-architecture-of-business-and-well-being.html"]}]},{"@type":"ImageObject","inLanguage":"fr-FR","@id":"https:\/\/www.bredasys.com\/fr\/2022\/03\/the-architecture-of-business-and-well-being.html#primaryimage","url":"https:\/\/www.bredasys.com\/wp-content\/uploads\/2022\/03\/arechitettura-business-benessere-COP.jpg","contentUrl":"https:\/\/www.bredasys.com\/wp-content\/uploads\/2022\/03\/arechitettura-business-benessere-COP.jpg","width":1600,"height":800},{"@type":"BreadcrumbList","@id":"https:\/\/www.bredasys.com\/fr\/2022\/03\/the-architecture-of-business-and-well-being.html#breadcrumb","itemListElement":[{"@type":"ListItem","position":1,"name":"Breda","item":"https:\/\/www.bredasys.com\/fr"},{"@type":"ListItem","position":2,"name":"The architecture of business and well-being"}]},{"@type":"WebSite","@id":"https:\/\/www.bredasys.com\/fr#website","url":"https:\/\/www.bredasys.com\/fr","name":"Breda Sistemi Industriali S.p.A.","description":"Porte da garage, portoni industriali","publisher":{"@id":"https:\/\/www.bredasys.com\/fr#organization"},"potentialAction":[{"@type":"SearchAction","target":{"@type":"EntryPoint","urlTemplate":"https:\/\/www.bredasys.com\/fr?s={search_term_string}"},"query-input":{"@type":"PropertyValueSpecification","valueRequired":true,"valueName":"search_term_string"}}],"inLanguage":"fr-FR"},{"@type":"Organization","@id":"https:\/\/www.bredasys.com\/fr#organization","name":"Breda Sistemi Industriali S.p.A.","alternateName":"Breda Portoni","url":"https:\/\/www.bredasys.com\/fr","logo":{"@type":"ImageObject","inLanguage":"fr-FR","@id":"https:\/\/www.bredasys.com\/fr#\/schema\/logo\/image\/","url":"https:\/\/www.bredasys.com\/wp-content\/uploads\/2024\/06\/Logo-Breda-01-quadrato-696.jpg","contentUrl":"https:\/\/www.bredasys.com\/wp-content\/uploads\/2024\/06\/Logo-Breda-01-quadrato-696.jpg","width":696,"height":696,"caption":"Breda Sistemi Industriali S.p.A."},"image":{"@id":"https:\/\/www.bredasys.com\/fr#\/schema\/logo\/image\/"},"sameAs":["https:\/\/www.facebook.com\/BredaPortoni\/","https:\/\/x.com\/BredaPortoni","https:\/\/www.linkedin.com\/company\/breda-sistemi-industriali\/"]},{"@type":"Person","@id":"https:\/\/www.bredasys.com\/fr#\/schema\/person\/b3bf47179366b780119875b335751a49","name":"Redazione Web Breda","image":{"@type":"ImageObject","inLanguage":"fr-FR","@id":"https:\/\/www.bredasys.com\/fr#\/schema\/person\/image\/","url":"https:\/\/secure.gravatar.com\/avatar\/a20639befd27fcd4433bb150f98a538941e8f177cc0734737ffadd6120dc04d4?s=96&d=mm&r=g","contentUrl":"https:\/\/secure.gravatar.com\/avatar\/a20639befd27fcd4433bb150f98a538941e8f177cc0734737ffadd6120dc04d4?s=96&d=mm&r=g","caption":"Redazione Web Breda"}}]}},"jetpack_featured_media_url":"https:\/\/www.bredasys.com\/wp-content\/uploads\/2022\/03\/arechitettura-business-benessere-COP.jpg","jetpack_sharing_enabled":true,"_links":{"self":[{"href":"https:\/\/www.bredasys.com\/fr\/wp-json\/wp\/v2\/posts\/73063","targetHints":{"allow":["GET"]}}],"collection":[{"href":"https:\/\/www.bredasys.com\/fr\/wp-json\/wp\/v2\/posts"}],"about":[{"href":"https:\/\/www.bredasys.com\/fr\/wp-json\/wp\/v2\/types\/post"}],"author":[{"embeddable":true,"href":"https:\/\/www.bredasys.com\/fr\/wp-json\/wp\/v2\/users\/8"}],"replies":[{"embeddable":true,"href":"https:\/\/www.bredasys.com\/fr\/wp-json\/wp\/v2\/comments?post=73063"}],"version-history":[{"count":2,"href":"https:\/\/www.bredasys.com\/fr\/wp-json\/wp\/v2\/posts\/73063\/revisions"}],"predecessor-version":[{"id":89584,"href":"https:\/\/www.bredasys.com\/fr\/wp-json\/wp\/v2\/posts\/73063\/revisions\/89584"}],"wp:featuredmedia":[{"embeddable":true,"href":"https:\/\/www.bredasys.com\/fr\/wp-json\/wp\/v2\/media\/53924"}],"wp:attachment":[{"href":"https:\/\/www.bredasys.com\/fr\/wp-json\/wp\/v2\/media?parent=73063"}],"wp:term":[{"taxonomy":"category","embeddable":true,"href":"https:\/\/www.bredasys.com\/fr\/wp-json\/wp\/v2\/categories?post=73063"},{"taxonomy":"post_tag","embeddable":true,"href":"https:\/\/www.bredasys.com\/fr\/wp-json\/wp\/v2\/tags?post=73063"}],"curies":[{"name":"wp","href":"https:\/\/api.w.org\/{rel}","templated":true}]}}