{"id":42777,"date":"2020-08-06T14:41:32","date_gmt":"2020-08-06T12:41:32","guid":{"rendered":"http:\/\/bredasys.com\/2020\/08\/let-your-home-inspire-your-summer.html"},"modified":"2020-08-06T14:43:56","modified_gmt":"2020-08-06T12:43:56","slug":"let-your-home-inspire-your-summer","status":"publish","type":"post","link":"https:\/\/www.bredasys.com\/fr\/2020\/08\/let-your-home-inspire-your-summer.html","title":{"rendered":"Let Your Home inspire Your Summer!"},"content":{"rendered":"<h2><img fetchpriority=\"high\" decoding=\"async\" class=\"aligncenter size-full wp-image-42759\" src=\"http:\/\/bredasys.com\/wp-content\/uploads\/2020\/08\/VacanzeEstive_2020.jpg\" alt=\"\" width=\"1600\" height=\"1991\" srcset=\"https:\/\/www.bredasys.com\/wp-content\/uploads\/2020\/08\/VacanzeEstive_2020.jpg 1600w, https:\/\/www.bredasys.com\/wp-content\/uploads\/2020\/08\/VacanzeEstive_2020-241x300.jpg 241w, https:\/\/www.bredasys.com\/wp-content\/uploads\/2020\/08\/VacanzeEstive_2020-823x1024.jpg 823w, https:\/\/www.bredasys.com\/wp-content\/uploads\/2020\/08\/VacanzeEstive_2020-768x956.jpg 768w, https:\/\/www.bredasys.com\/wp-content\/uploads\/2020\/08\/VacanzeEstive_2020-1234x1536.jpg 1234w\" sizes=\"(max-width: 1600px) 100vw, 1600px\" \/><\/h2>\n<p style=\"text-align: justify;\">Nous vous signalons que notre entreprise sera ferm\u00e9e du 13 au 26 ao\u00fbt 2020 pour cong\u00e9s d&rsquo;\u00e9t\u00e9.<br \/>\nNos bureaux seront \u00e0 nouveau ouverts jeudi 27 ao\u00fbt 2020.<\/p>\n<p>&nbsp;<\/p>\n<p style=\"text-align: justify;\">Bonnes Vacances de l&rsquo;\u00e9quipe de Breda<\/p>\n","protected":false},"excerpt":{"rendered":"<p style=\"text-align: justify;\">Bonnes Vacances de l&rsquo;\u00e9quipe de Breda! Nous vous signalons que notre entreprise sera ferm\u00e9e du 13 au 26 ao\u00fbt 2020 pour cong\u00e9s d&rsquo;\u00e9t\u00e9.<\/p>\n","protected":false},"author":8,"featured_media":42757,"comment_status":"open","ping_status":"open","sticky":false,"template":"","format":"standard","meta":{"_acf_changed":false,"_jetpack_memberships_contains_paid_content":false,"footnotes":""},"categories":[660],"tags":[681],"class_list":["post-42777","post","type-post","status-publish","format-standard","has-post-thumbnail","hentry","category-nouvelles","tag-auguri-fr"],"acf":[],"yoast_head":"<!-- This site is optimized with the Yoast SEO plugin v27.1.1 - https:\/\/yoast.com\/product\/yoast-seo-wordpress\/ -->\n<title>Bonnes Vacances | Let Your Home inspire Your Summer!<\/title>\n<meta name=\"description\" content=\"Nous vous signalons que notre entreprise sera ferm\u00e9e du 13 au 26 ao\u00fbt 2020 pour cong\u00e9s d&#039;\u00e9t\u00e9.\" \/>\n<meta name=\"robots\" content=\"index, follow, max-snippet:-1, max-image-preview:large, max-video-preview:-1\" \/>\n<link rel=\"canonical\" href=\"https:\/\/www.bredasys.com\/fr\/2020\/08\/let-your-home-inspire-your-summer.html\" \/>\n<meta property=\"og:locale\" content=\"fr_FR\" \/>\n<meta property=\"og:type\" content=\"article\" \/>\n<meta property=\"og:title\" content=\"Bonnes Vacances | Let Your Home inspire Your Summer!\" \/>\n<meta property=\"og:description\" content=\"Nous vous signalons que notre entreprise sera ferm\u00e9e du 13 au 26 ao\u00fbt 2020 pour cong\u00e9s d&#039;\u00e9t\u00e9.\" \/>\n<meta property=\"og:url\" content=\"https:\/\/www.bredasys.com\/fr\/2020\/08\/let-your-home-inspire-your-summer.html\" \/>\n<meta property=\"og:site_name\" content=\"Breda Sistemi Industriali S.p.A.\" \/>\n<meta property=\"article:publisher\" content=\"https:\/\/www.facebook.com\/BredaPortoni\/\" \/>\n<meta property=\"article:published_time\" content=\"2020-08-06T12:41:32+00:00\" \/>\n<meta property=\"article:modified_time\" content=\"2020-08-06T12:43:56+00:00\" \/>\n<meta property=\"og:image\" content=\"https:\/\/www.bredasys.com\/wp-content\/uploads\/2020\/08\/copertina_estate2020_1600x800px.jpg\" \/>\n\t<meta property=\"og:image:width\" content=\"1600\" \/>\n\t<meta property=\"og:image:height\" content=\"800\" \/>\n\t<meta property=\"og:image:type\" content=\"image\/jpeg\" \/>\n<meta name=\"author\" content=\"Redazione Web Breda\" \/>\n<meta name=\"twitter:card\" content=\"summary_large_image\" \/>\n<meta name=\"twitter:creator\" content=\"@BredaPortoni\" \/>\n<meta name=\"twitter:site\" content=\"@BredaPortoni\" \/>\n<meta name=\"twitter:label1\" content=\"\u00c9crit par\" \/>\n\t<meta name=\"twitter:data1\" content=\"Redazione Web Breda\" \/>\n<script type=\"application\/ld+json\" class=\"yoast-schema-graph\">{\"@context\":\"https:\/\/schema.org\",\"@graph\":[{\"@type\":\"Article\",\"@id\":\"https:\/\/www.bredasys.com\/fr\/2020\/08\/let-your-home-inspire-your-summer.html#article\",\"isPartOf\":{\"@id\":\"https:\/\/www.bredasys.com\/fr\/2020\/08\/let-your-home-inspire-your-summer.html\"},\"author\":{\"name\":\"Redazione Web Breda\",\"@id\":\"https:\/\/www.bredasys.com\/fr#\/schema\/person\/b3bf47179366b780119875b335751a49\"},\"headline\":\"Let Your Home inspire Your Summer!\",\"datePublished\":\"2020-08-06T12:41:32+00:00\",\"dateModified\":\"2020-08-06T12:43:56+00:00\",\"mainEntityOfPage\":{\"@id\":\"https:\/\/www.bredasys.com\/fr\/2020\/08\/let-your-home-inspire-your-summer.html\"},\"wordCount\":40,\"commentCount\":0,\"publisher\":{\"@id\":\"https:\/\/www.bredasys.com\/fr#organization\"},\"image\":{\"@id\":\"https:\/\/www.bredasys.com\/fr\/2020\/08\/let-your-home-inspire-your-summer.html#primaryimage\"},\"thumbnailUrl\":\"https:\/\/www.bredasys.com\/wp-content\/uploads\/2020\/08\/copertina_estate2020_1600x800px.jpg\",\"keywords\":[\"Salutations\"],\"articleSection\":[\"NEWS\"],\"inLanguage\":\"fr-FR\",\"potentialAction\":[{\"@type\":\"CommentAction\",\"name\":\"Comment\",\"target\":[\"https:\/\/www.bredasys.com\/fr\/2020\/08\/let-your-home-inspire-your-summer.html#respond\"]}]},{\"@type\":\"WebPage\",\"@id\":\"https:\/\/www.bredasys.com\/fr\/2020\/08\/let-your-home-inspire-your-summer.html\",\"url\":\"https:\/\/www.bredasys.com\/fr\/2020\/08\/let-your-home-inspire-your-summer.html\",\"name\":\"Bonnes Vacances | Let Your Home inspire Your Summer!\",\"isPartOf\":{\"@id\":\"https:\/\/www.bredasys.com\/fr#website\"},\"primaryImageOfPage\":{\"@id\":\"https:\/\/www.bredasys.com\/fr\/2020\/08\/let-your-home-inspire-your-summer.html#primaryimage\"},\"image\":{\"@id\":\"https:\/\/www.bredasys.com\/fr\/2020\/08\/let-your-home-inspire-your-summer.html#primaryimage\"},\"thumbnailUrl\":\"https:\/\/www.bredasys.com\/wp-content\/uploads\/2020\/08\/copertina_estate2020_1600x800px.jpg\",\"datePublished\":\"2020-08-06T12:41:32+00:00\",\"dateModified\":\"2020-08-06T12:43:56+00:00\",\"description\":\"Nous vous signalons que notre entreprise sera ferm\u00e9e du 13 au 26 ao\u00fbt 2020 pour cong\u00e9s d'\u00e9t\u00e9.\",\"breadcrumb\":{\"@id\":\"https:\/\/www.bredasys.com\/fr\/2020\/08\/let-your-home-inspire-your-summer.html#breadcrumb\"},\"inLanguage\":\"fr-FR\",\"potentialAction\":[{\"@type\":\"ReadAction\",\"target\":[\"https:\/\/www.bredasys.com\/fr\/2020\/08\/let-your-home-inspire-your-summer.html\"]}]},{\"@type\":\"ImageObject\",\"inLanguage\":\"fr-FR\",\"@id\":\"https:\/\/www.bredasys.com\/fr\/2020\/08\/let-your-home-inspire-your-summer.html#primaryimage\",\"url\":\"https:\/\/www.bredasys.com\/wp-content\/uploads\/2020\/08\/copertina_estate2020_1600x800px.jpg\",\"contentUrl\":\"https:\/\/www.bredasys.com\/wp-content\/uploads\/2020\/08\/copertina_estate2020_1600x800px.jpg\",\"width\":1600,\"height\":800},{\"@type\":\"BreadcrumbList\",\"@id\":\"https:\/\/www.bredasys.com\/fr\/2020\/08\/let-your-home-inspire-your-summer.html#breadcrumb\",\"itemListElement\":[{\"@type\":\"ListItem\",\"position\":1,\"name\":\"Breda\",\"item\":\"https:\/\/www.bredasys.com\/fr\"},{\"@type\":\"ListItem\",\"position\":2,\"name\":\"Let Your Home inspire Your Summer!\"}]},{\"@type\":\"WebSite\",\"@id\":\"https:\/\/www.bredasys.com\/fr#website\",\"url\":\"https:\/\/www.bredasys.com\/fr\",\"name\":\"Breda Sistemi Industriali S.p.A.\",\"description\":\"Porte da garage, portoni industriali\",\"publisher\":{\"@id\":\"https:\/\/www.bredasys.com\/fr#organization\"},\"potentialAction\":[{\"@type\":\"SearchAction\",\"target\":{\"@type\":\"EntryPoint\",\"urlTemplate\":\"https:\/\/www.bredasys.com\/fr?s={search_term_string}\"},\"query-input\":{\"@type\":\"PropertyValueSpecification\",\"valueRequired\":true,\"valueName\":\"search_term_string\"}}],\"inLanguage\":\"fr-FR\"},{\"@type\":\"Organization\",\"@id\":\"https:\/\/www.bredasys.com\/fr#organization\",\"name\":\"Breda Sistemi Industriali S.p.A.\",\"alternateName\":\"Breda Portoni\",\"url\":\"https:\/\/www.bredasys.com\/fr\",\"logo\":{\"@type\":\"ImageObject\",\"inLanguage\":\"fr-FR\",\"@id\":\"https:\/\/www.bredasys.com\/fr#\/schema\/logo\/image\/\",\"url\":\"https:\/\/www.bredasys.com\/wp-content\/uploads\/2024\/06\/Logo-Breda-01-quadrato-696.jpg\",\"contentUrl\":\"https:\/\/www.bredasys.com\/wp-content\/uploads\/2024\/06\/Logo-Breda-01-quadrato-696.jpg\",\"width\":696,\"height\":696,\"caption\":\"Breda Sistemi Industriali S.p.A.\"},\"image\":{\"@id\":\"https:\/\/www.bredasys.com\/fr#\/schema\/logo\/image\/\"},\"sameAs\":[\"https:\/\/www.facebook.com\/BredaPortoni\/\",\"https:\/\/x.com\/BredaPortoni\",\"https:\/\/www.linkedin.com\/company\/breda-sistemi-industriali\/\"]},{\"@type\":\"Person\",\"@id\":\"https:\/\/www.bredasys.com\/fr#\/schema\/person\/b3bf47179366b780119875b335751a49\",\"name\":\"Redazione Web Breda\",\"image\":{\"@type\":\"ImageObject\",\"inLanguage\":\"fr-FR\",\"@id\":\"https:\/\/www.bredasys.com\/fr#\/schema\/person\/image\/\",\"url\":\"https:\/\/secure.gravatar.com\/avatar\/a20639befd27fcd4433bb150f98a538941e8f177cc0734737ffadd6120dc04d4?s=96&d=mm&r=g\",\"contentUrl\":\"https:\/\/secure.gravatar.com\/avatar\/a20639befd27fcd4433bb150f98a538941e8f177cc0734737ffadd6120dc04d4?s=96&d=mm&r=g\",\"caption\":\"Redazione Web Breda\"}}]}<\/script>\n<!-- \/ Yoast SEO plugin. -->","yoast_head_json":{"title":"Bonnes Vacances | Let Your Home inspire Your Summer!","description":"Nous vous signalons que notre entreprise sera ferm\u00e9e du 13 au 26 ao\u00fbt 2020 pour cong\u00e9s d'\u00e9t\u00e9.","robots":{"index":"index","follow":"follow","max-snippet":"max-snippet:-1","max-image-preview":"max-image-preview:large","max-video-preview":"max-video-preview:-1"},"canonical":"https:\/\/www.bredasys.com\/fr\/2020\/08\/let-your-home-inspire-your-summer.html","og_locale":"fr_FR","og_type":"article","og_title":"Bonnes Vacances | Let Your Home inspire Your Summer!","og_description":"Nous vous signalons que notre entreprise sera ferm\u00e9e du 13 au 26 ao\u00fbt 2020 pour cong\u00e9s d'\u00e9t\u00e9.","og_url":"https:\/\/www.bredasys.com\/fr\/2020\/08\/let-your-home-inspire-your-summer.html","og_site_name":"Breda Sistemi Industriali S.p.A.","article_publisher":"https:\/\/www.facebook.com\/BredaPortoni\/","article_published_time":"2020-08-06T12:41:32+00:00","article_modified_time":"2020-08-06T12:43:56+00:00","og_image":[{"width":1600,"height":800,"url":"https:\/\/www.bredasys.com\/wp-content\/uploads\/2020\/08\/copertina_estate2020_1600x800px.jpg","type":"image\/jpeg"}],"author":"Redazione Web Breda","twitter_card":"summary_large_image","twitter_creator":"@BredaPortoni","twitter_site":"@BredaPortoni","twitter_misc":{"\u00c9crit par":"Redazione Web Breda"},"schema":{"@context":"https:\/\/schema.org","@graph":[{"@type":"Article","@id":"https:\/\/www.bredasys.com\/fr\/2020\/08\/let-your-home-inspire-your-summer.html#article","isPartOf":{"@id":"https:\/\/www.bredasys.com\/fr\/2020\/08\/let-your-home-inspire-your-summer.html"},"author":{"name":"Redazione Web Breda","@id":"https:\/\/www.bredasys.com\/fr#\/schema\/person\/b3bf47179366b780119875b335751a49"},"headline":"Let Your Home inspire Your Summer!","datePublished":"2020-08-06T12:41:32+00:00","dateModified":"2020-08-06T12:43:56+00:00","mainEntityOfPage":{"@id":"https:\/\/www.bredasys.com\/fr\/2020\/08\/let-your-home-inspire-your-summer.html"},"wordCount":40,"commentCount":0,"publisher":{"@id":"https:\/\/www.bredasys.com\/fr#organization"},"image":{"@id":"https:\/\/www.bredasys.com\/fr\/2020\/08\/let-your-home-inspire-your-summer.html#primaryimage"},"thumbnailUrl":"https:\/\/www.bredasys.com\/wp-content\/uploads\/2020\/08\/copertina_estate2020_1600x800px.jpg","keywords":["Salutations"],"articleSection":["NEWS"],"inLanguage":"fr-FR","potentialAction":[{"@type":"CommentAction","name":"Comment","target":["https:\/\/www.bredasys.com\/fr\/2020\/08\/let-your-home-inspire-your-summer.html#respond"]}]},{"@type":"WebPage","@id":"https:\/\/www.bredasys.com\/fr\/2020\/08\/let-your-home-inspire-your-summer.html","url":"https:\/\/www.bredasys.com\/fr\/2020\/08\/let-your-home-inspire-your-summer.html","name":"Bonnes Vacances | Let Your Home inspire Your Summer!","isPartOf":{"@id":"https:\/\/www.bredasys.com\/fr#website"},"primaryImageOfPage":{"@id":"https:\/\/www.bredasys.com\/fr\/2020\/08\/let-your-home-inspire-your-summer.html#primaryimage"},"image":{"@id":"https:\/\/www.bredasys.com\/fr\/2020\/08\/let-your-home-inspire-your-summer.html#primaryimage"},"thumbnailUrl":"https:\/\/www.bredasys.com\/wp-content\/uploads\/2020\/08\/copertina_estate2020_1600x800px.jpg","datePublished":"2020-08-06T12:41:32+00:00","dateModified":"2020-08-06T12:43:56+00:00","description":"Nous vous signalons que notre entreprise sera ferm\u00e9e du 13 au 26 ao\u00fbt 2020 pour cong\u00e9s d'\u00e9t\u00e9.","breadcrumb":{"@id":"https:\/\/www.bredasys.com\/fr\/2020\/08\/let-your-home-inspire-your-summer.html#breadcrumb"},"inLanguage":"fr-FR","potentialAction":[{"@type":"ReadAction","target":["https:\/\/www.bredasys.com\/fr\/2020\/08\/let-your-home-inspire-your-summer.html"]}]},{"@type":"ImageObject","inLanguage":"fr-FR","@id":"https:\/\/www.bredasys.com\/fr\/2020\/08\/let-your-home-inspire-your-summer.html#primaryimage","url":"https:\/\/www.bredasys.com\/wp-content\/uploads\/2020\/08\/copertina_estate2020_1600x800px.jpg","contentUrl":"https:\/\/www.bredasys.com\/wp-content\/uploads\/2020\/08\/copertina_estate2020_1600x800px.jpg","width":1600,"height":800},{"@type":"BreadcrumbList","@id":"https:\/\/www.bredasys.com\/fr\/2020\/08\/let-your-home-inspire-your-summer.html#breadcrumb","itemListElement":[{"@type":"ListItem","position":1,"name":"Breda","item":"https:\/\/www.bredasys.com\/fr"},{"@type":"ListItem","position":2,"name":"Let Your Home inspire Your Summer!"}]},{"@type":"WebSite","@id":"https:\/\/www.bredasys.com\/fr#website","url":"https:\/\/www.bredasys.com\/fr","name":"Breda Sistemi Industriali S.p.A.","description":"Porte da garage, portoni industriali","publisher":{"@id":"https:\/\/www.bredasys.com\/fr#organization"},"potentialAction":[{"@type":"SearchAction","target":{"@type":"EntryPoint","urlTemplate":"https:\/\/www.bredasys.com\/fr?s={search_term_string}"},"query-input":{"@type":"PropertyValueSpecification","valueRequired":true,"valueName":"search_term_string"}}],"inLanguage":"fr-FR"},{"@type":"Organization","@id":"https:\/\/www.bredasys.com\/fr#organization","name":"Breda Sistemi Industriali S.p.A.","alternateName":"Breda Portoni","url":"https:\/\/www.bredasys.com\/fr","logo":{"@type":"ImageObject","inLanguage":"fr-FR","@id":"https:\/\/www.bredasys.com\/fr#\/schema\/logo\/image\/","url":"https:\/\/www.bredasys.com\/wp-content\/uploads\/2024\/06\/Logo-Breda-01-quadrato-696.jpg","contentUrl":"https:\/\/www.bredasys.com\/wp-content\/uploads\/2024\/06\/Logo-Breda-01-quadrato-696.jpg","width":696,"height":696,"caption":"Breda Sistemi Industriali S.p.A."},"image":{"@id":"https:\/\/www.bredasys.com\/fr#\/schema\/logo\/image\/"},"sameAs":["https:\/\/www.facebook.com\/BredaPortoni\/","https:\/\/x.com\/BredaPortoni","https:\/\/www.linkedin.com\/company\/breda-sistemi-industriali\/"]},{"@type":"Person","@id":"https:\/\/www.bredasys.com\/fr#\/schema\/person\/b3bf47179366b780119875b335751a49","name":"Redazione Web Breda","image":{"@type":"ImageObject","inLanguage":"fr-FR","@id":"https:\/\/www.bredasys.com\/fr#\/schema\/person\/image\/","url":"https:\/\/secure.gravatar.com\/avatar\/a20639befd27fcd4433bb150f98a538941e8f177cc0734737ffadd6120dc04d4?s=96&d=mm&r=g","contentUrl":"https:\/\/secure.gravatar.com\/avatar\/a20639befd27fcd4433bb150f98a538941e8f177cc0734737ffadd6120dc04d4?s=96&d=mm&r=g","caption":"Redazione Web Breda"}}]}},"jetpack_featured_media_url":"https:\/\/www.bredasys.com\/wp-content\/uploads\/2020\/08\/copertina_estate2020_1600x800px.jpg","jetpack_sharing_enabled":true,"_links":{"self":[{"href":"https:\/\/www.bredasys.com\/fr\/wp-json\/wp\/v2\/posts\/42777","targetHints":{"allow":["GET"]}}],"collection":[{"href":"https:\/\/www.bredasys.com\/fr\/wp-json\/wp\/v2\/posts"}],"about":[{"href":"https:\/\/www.bredasys.com\/fr\/wp-json\/wp\/v2\/types\/post"}],"author":[{"embeddable":true,"href":"https:\/\/www.bredasys.com\/fr\/wp-json\/wp\/v2\/users\/8"}],"replies":[{"embeddable":true,"href":"https:\/\/www.bredasys.com\/fr\/wp-json\/wp\/v2\/comments?post=42777"}],"version-history":[{"count":0,"href":"https:\/\/www.bredasys.com\/fr\/wp-json\/wp\/v2\/posts\/42777\/revisions"}],"wp:featuredmedia":[{"embeddable":true,"href":"https:\/\/www.bredasys.com\/fr\/wp-json\/wp\/v2\/media\/42757"}],"wp:attachment":[{"href":"https:\/\/www.bredasys.com\/fr\/wp-json\/wp\/v2\/media?parent=42777"}],"wp:term":[{"taxonomy":"category","embeddable":true,"href":"https:\/\/www.bredasys.com\/fr\/wp-json\/wp\/v2\/categories?post=42777"},{"taxonomy":"post_tag","embeddable":true,"href":"https:\/\/www.bredasys.com\/fr\/wp-json\/wp\/v2\/tags?post=42777"}],"curies":[{"name":"wp","href":"https:\/\/api.w.org\/{rel}","templated":true}]}}