{"id":29079,"date":"2018-12-20T09:30:50","date_gmt":"2018-12-20T08:30:50","guid":{"rendered":"http:\/\/bredasys.com\/2018\/12\/yes-its-christmas-yes-its-love-yes-its-breda.html"},"modified":"2019-04-17T13:39:07","modified_gmt":"2019-04-17T11:39:07","slug":"yes-its-christmas-yes-its-love-yes-its-breda","status":"publish","type":"post","link":"https:\/\/www.bredasys.com\/fr\/2018\/12\/yes-its-christmas-yes-its-love-yes-its-breda.html","title":{"rendered":"YES IT\u2019S CHRISTMAS, YES IT\u2019S LOVE, YES IT\u2019S BREDA"},"content":{"rendered":"<div style=\"text-align: center;\"><div class=\"lyte-wrapper fourthree\" title=\"Yes it&amp;#039;s Christmas, yes it&amp;#039;s love, yes it&amp;#039;s Breda - English version\" style=\"width:420px;max-width:100%;margin:5px;\"><div class=\"lyMe\" id=\"WYL_FBZ4JoOz5KU\"><div id=\"lyte_FBZ4JoOz5KU\" data-src=\"https:\/\/www.bredasys.com\/wp-content\/plugins\/wp-youtube-lyte\/lyteCache.php?origThumbUrl=https%3A%2F%2Fi.ytimg.com%2Fvi%2FFBZ4JoOz5KU%2Fhqdefault.jpg\" class=\"pL\"><div class=\"tC\"><div class=\"tT\">Yes it&#039;s Christmas, yes it&#039;s love, yes it&#039;s Breda - English version<\/div><\/div><div class=\"play\"><\/div><div class=\"ctrl\"><div class=\"Lctrl\"><\/div><div class=\"Rctrl\"><\/div><\/div><\/div><noscript><a href=\"https:\/\/youtu.be\/FBZ4JoOz5KU\" rel=\"nofollow\"><img fetchpriority=\"high\" decoding=\"async\" src=\"https:\/\/www.bredasys.com\/wp-content\/plugins\/wp-youtube-lyte\/lyteCache.php?origThumbUrl=https%3A%2F%2Fi.ytimg.com%2Fvi%2FFBZ4JoOz5KU%2F0.jpg\" alt=\"Yes it&amp;#039;s Christmas, yes it&amp;#039;s love, yes it&amp;#039;s Breda - English version\" width=\"420\" height=\"295\" \/><br \/>Lire cette vid\u00e9o sur YouTube<\/a><\/noscript><\/div><\/div><div class=\"lL\" style=\"max-width:100%;width:420px;margin:5px;\"><\/div><\/div>\n<p style=\"text-align: justify;\"><img decoding=\"async\" class=\"alignnone size-full wp-image-29053\" src=\"http:\/\/bredasys.com\/wp-content\/uploads\/2018\/12\/Natale-2018-Breda-footer.jpg\" alt=\"\" width=\"1600\" height=\"509\" srcset=\"https:\/\/www.bredasys.com\/wp-content\/uploads\/2018\/12\/Natale-2018-Breda-footer.jpg 1600w, https:\/\/www.bredasys.com\/wp-content\/uploads\/2018\/12\/Natale-2018-Breda-footer-300x95.jpg 300w, https:\/\/www.bredasys.com\/wp-content\/uploads\/2018\/12\/Natale-2018-Breda-footer-768x244.jpg 768w, https:\/\/www.bredasys.com\/wp-content\/uploads\/2018\/12\/Natale-2018-Breda-footer-1024x326.jpg 1024w\" sizes=\"(max-width: 1600px) 100vw, 1600px\" \/><\/p>\n<p>&nbsp;<\/p>\n<h2 style=\"text-align: center;\">Joyeux No\u00ebl et bonne ann\u00e9e de Breda!<\/h2>\n<p style=\"text-align: justify;\">Nous vous signalons que notre entreprise sera ferm\u00e9e \u00e0 partir du 22 D\u00e9cembre 2018 jusqu\u2019au 06 Janvier 2019 pour les Vacances de No\u00ebl. Nos bureaux seront \u00e0 nouveau ouverts Lundi 7 Janvier 2019.<\/p>\n<p>&nbsp;<\/p>\n<p style=\"text-align: justify;\"><em>Informiamo che la nostra azienda chiuder\u00e0 per Festivit\u00e0 Natalizie dal 22 dicembre 2018\u00a0al 6 gennaio 2019 compresi. Si riaprir\u00e0 regolarmente luned\u00ec 7 gennaio 2019.<\/em><br \/>\n<em>Please note that our company will be closed for Christmas Holidays from the 22th December 2018 to the 6th January 2019. We will open on Monday the 7th January 2019.<br \/>\n<\/em><em>Wir machen bekannt, dass unsere Firma vom 22. Dezember 2018 bis zum 06. Januar 2019 f\u00fcr Weihnachtsferien geschlossen ist. Wir sind wieder da am Montag den 7. Januar 2019.<\/em><br \/>\n<em>Nous vous signalons que notre entreprise sera ferm\u00e9e \u00e0 partir du 22 D\u00e9cembre 2018 jusqu\u2019au 06 Janvier 2019 pour les Vacances de No\u00ebl. Nos bureaux seront \u00e0 nouveau ouverts Lundi 7 Janvier 2019.<\/em><br \/>\n<em>Advertimos la clientela que nuestra empresa ser\u00e1 cerrada por Vacaciones de Navidades desde el 22 de Diciembre de 2018 hasta el 06 de Enero de 2019. Estamos disponibles a partir de Lunes 7 de Enero 2019.<\/em><\/p>\n<p>[vc_row row_type=\u00a0\u00bbrow\u00a0\u00bb text_align=\u00a0\u00bbleft\u00a0\u00bb css_animation=\u00a0\u00bb\u00a0\u00bb][vc_column][vc_separator type=\u00a0\u00bbnormal\u00a0\u00bb color=\u00a0\u00bb#ffffff\u00a0\u00bb up=\u00a0\u00bb10&Prime; down=\u00a0\u00bb10&Prime;][\/vc_column][\/vc_row][vc_row row_type=\u00a0\u00bbrow\u00a0\u00bb text_align=\u00a0\u00bbleft\u00a0\u00bb css_animation=\u00a0\u00bb\u00a0\u00bb][vc_column][vc_gallery type=\u00a0\u00bbimage_grid\u00a0\u00bb images=\u00a0\u00bb24363,24372,29059&Prime; img_size=\u00a0\u00bbfull\u00a0\u00bb css_animation=\u00a0\u00bbbounceIn\u00a0\u00bb column_number=\u00a0\u00bb3&Prime;][\/vc_column][\/vc_row][vc_row row_type=\u00a0\u00bbrow\u00a0\u00bb text_align=\u00a0\u00bbleft\u00a0\u00bb css_animation=\u00a0\u00bb\u00a0\u00bb][\/vc_row][vc_row row_type=\u00a0\u00bbrow\u00a0\u00bb text_align=\u00a0\u00bbleft\u00a0\u00bb css_animation=\u00a0\u00bb\u00a0\u00bb][vc_column][vc_column_text]<\/p>\n<p>[\/vc_column_text][\/vc_column][\/vc_row][vc_row row_type=\u00a0\u00bbrow\u00a0\u00bb text_align=\u00a0\u00bbleft\u00a0\u00bb css_animation=\u00a0\u00bb\u00a0\u00bb][vc_column][vc_column_text]<\/p>\n<p>[\/vc_column_text][\/vc_column][\/vc_row]<\/p>\n","protected":false},"excerpt":{"rendered":"<p style=\"text-align: justify;\">Joyeux No\u00ebl et bonne ann\u00e9e de Breda! Nous vous signalons que notre entreprise sera ferm\u00e9e \u00e0 partir du 22 D\u00e9cembre 2018 jusqu\u2019au 06 Janvier 2019 pour les Vacances de No\u00ebl. Nos bureaux seront \u00e0 nouveau ouverts Lundi 7 Janvier 2019.<\/p>\n","protected":false},"author":8,"featured_media":29047,"comment_status":"open","ping_status":"open","sticky":false,"template":"","format":"standard","meta":{"_acf_changed":false,"_jetpack_memberships_contains_paid_content":false,"footnotes":""},"categories":[660],"tags":[681],"class_list":["post-29079","post","type-post","status-publish","format-standard","has-post-thumbnail","hentry","category-nouvelles","tag-auguri-fr"],"acf":[],"yoast_head":"<!-- This site is optimized with the Yoast SEO plugin v27.1.1 - https:\/\/yoast.com\/product\/yoast-seo-wordpress\/ -->\n<title>Yes, it&#039;s Christmas - Joyeux No\u00ebl et bonne ann\u00e9e de Breda!<\/title>\n<meta name=\"description\" content=\"Nous vous signalons que notre entreprise sera ferm\u00e9e \u00e0 partir du 22 D\u00e9cembre 2018 jusqu\u2019au 06 Janvier 2019 pour les Vacances de No\u00ebl.\" \/>\n<meta name=\"robots\" content=\"index, follow, max-snippet:-1, max-image-preview:large, max-video-preview:-1\" \/>\n<link rel=\"canonical\" href=\"https:\/\/www.bredasys.com\/fr\/2018\/12\/yes-its-christmas-yes-its-love-yes-its-breda.html\" \/>\n<meta property=\"og:locale\" content=\"fr_FR\" \/>\n<meta property=\"og:type\" content=\"article\" \/>\n<meta property=\"og:title\" content=\"Yes, it&#039;s Christmas - Joyeux No\u00ebl et bonne ann\u00e9e!\" \/>\n<meta property=\"og:description\" content=\"Nous vous signalons que notre entreprise sera ferm\u00e9e \u00e0 partir du 22 D\u00e9cembre 2018 jusqu\u2019au 06 Janvier 2019 pour les Vacances de No\u00ebl.\" \/>\n<meta property=\"og:url\" content=\"https:\/\/www.bredasys.com\/fr\/2018\/12\/yes-its-christmas-yes-its-love-yes-its-breda.html\" \/>\n<meta property=\"og:site_name\" content=\"Breda Sistemi Industriali S.p.A.\" \/>\n<meta property=\"article:publisher\" content=\"https:\/\/www.facebook.com\/BredaPortoni\/\" \/>\n<meta property=\"article:published_time\" content=\"2018-12-20T08:30:50+00:00\" \/>\n<meta property=\"article:modified_time\" content=\"2019-04-17T11:39:07+00:00\" \/>\n<meta property=\"og:image\" content=\"https:\/\/www.bredasys.com\/wp-content\/uploads\/2018\/12\/Natale-2018-Breda.jpg\" \/>\n\t<meta property=\"og:image:width\" content=\"1600\" \/>\n\t<meta property=\"og:image:height\" content=\"1521\" \/>\n\t<meta property=\"og:image:type\" content=\"image\/jpeg\" \/>\n<meta name=\"author\" content=\"Redazione Web Breda\" \/>\n<meta name=\"twitter:card\" content=\"summary_large_image\" \/>\n<meta name=\"twitter:title\" content=\"Yes, it&#039;s Christmas - Joyeux No\u00ebl et bonne ann\u00e9e!\" \/>\n<meta name=\"twitter:image\" content=\"http:\/\/bredasys.com\/wp-content\/uploads\/2018\/12\/Natale-2018-Breda.jpg\" \/>\n<meta name=\"twitter:creator\" content=\"@BredaPortoni\" \/>\n<meta name=\"twitter:site\" content=\"@BredaPortoni\" \/>\n<meta name=\"twitter:label1\" content=\"\u00c9crit par\" \/>\n\t<meta name=\"twitter:data1\" content=\"Redazione Web Breda\" \/>\n\t<meta name=\"twitter:label2\" content=\"Dur\u00e9e de lecture estim\u00e9e\" \/>\n\t<meta name=\"twitter:data2\" content=\"1 minute\" \/>\n<script type=\"application\/ld+json\" class=\"yoast-schema-graph\">{\"@context\":\"https:\/\/schema.org\",\"@graph\":[{\"@type\":\"Article\",\"@id\":\"https:\/\/www.bredasys.com\/fr\/2018\/12\/yes-its-christmas-yes-its-love-yes-its-breda.html#article\",\"isPartOf\":{\"@id\":\"https:\/\/www.bredasys.com\/fr\/2018\/12\/yes-its-christmas-yes-its-love-yes-its-breda.html\"},\"author\":{\"name\":\"Redazione Web Breda\",\"@id\":\"https:\/\/www.bredasys.com\/fr#\/schema\/person\/b3bf47179366b780119875b335751a49\"},\"headline\":\"YES IT\u2019S CHRISTMAS, YES IT\u2019S LOVE, YES IT\u2019S BREDA\",\"datePublished\":\"2018-12-20T08:30:50+00:00\",\"dateModified\":\"2019-04-17T11:39:07+00:00\",\"mainEntityOfPage\":{\"@id\":\"https:\/\/www.bredasys.com\/fr\/2018\/12\/yes-its-christmas-yes-its-love-yes-its-breda.html\"},\"wordCount\":291,\"commentCount\":0,\"publisher\":{\"@id\":\"https:\/\/www.bredasys.com\/fr#organization\"},\"image\":{\"@id\":\"https:\/\/www.bredasys.com\/fr\/2018\/12\/yes-its-christmas-yes-its-love-yes-its-breda.html#primaryimage\"},\"thumbnailUrl\":\"https:\/\/www.bredasys.com\/wp-content\/uploads\/2018\/12\/copertina_natale_1600x800px-min.jpg\",\"keywords\":[\"Salutations\"],\"articleSection\":[\"NEWS\"],\"inLanguage\":\"fr-FR\",\"potentialAction\":[{\"@type\":\"CommentAction\",\"name\":\"Comment\",\"target\":[\"https:\/\/www.bredasys.com\/fr\/2018\/12\/yes-its-christmas-yes-its-love-yes-its-breda.html#respond\"]}]},{\"@type\":\"WebPage\",\"@id\":\"https:\/\/www.bredasys.com\/fr\/2018\/12\/yes-its-christmas-yes-its-love-yes-its-breda.html\",\"url\":\"https:\/\/www.bredasys.com\/fr\/2018\/12\/yes-its-christmas-yes-its-love-yes-its-breda.html\",\"name\":\"Yes, it's Christmas - Joyeux No\u00ebl et bonne ann\u00e9e de Breda!\",\"isPartOf\":{\"@id\":\"https:\/\/www.bredasys.com\/fr#website\"},\"primaryImageOfPage\":{\"@id\":\"https:\/\/www.bredasys.com\/fr\/2018\/12\/yes-its-christmas-yes-its-love-yes-its-breda.html#primaryimage\"},\"image\":{\"@id\":\"https:\/\/www.bredasys.com\/fr\/2018\/12\/yes-its-christmas-yes-its-love-yes-its-breda.html#primaryimage\"},\"thumbnailUrl\":\"https:\/\/www.bredasys.com\/wp-content\/uploads\/2018\/12\/copertina_natale_1600x800px-min.jpg\",\"datePublished\":\"2018-12-20T08:30:50+00:00\",\"dateModified\":\"2019-04-17T11:39:07+00:00\",\"description\":\"Nous vous signalons que notre entreprise sera ferm\u00e9e \u00e0 partir du 22 D\u00e9cembre 2018 jusqu\u2019au 06 Janvier 2019 pour les Vacances de No\u00ebl.\",\"breadcrumb\":{\"@id\":\"https:\/\/www.bredasys.com\/fr\/2018\/12\/yes-its-christmas-yes-its-love-yes-its-breda.html#breadcrumb\"},\"inLanguage\":\"fr-FR\",\"potentialAction\":[{\"@type\":\"ReadAction\",\"target\":[\"https:\/\/www.bredasys.com\/fr\/2018\/12\/yes-its-christmas-yes-its-love-yes-its-breda.html\"]}]},{\"@type\":\"ImageObject\",\"inLanguage\":\"fr-FR\",\"@id\":\"https:\/\/www.bredasys.com\/fr\/2018\/12\/yes-its-christmas-yes-its-love-yes-its-breda.html#primaryimage\",\"url\":\"https:\/\/www.bredasys.com\/wp-content\/uploads\/2018\/12\/copertina_natale_1600x800px-min.jpg\",\"contentUrl\":\"https:\/\/www.bredasys.com\/wp-content\/uploads\/2018\/12\/copertina_natale_1600x800px-min.jpg\",\"width\":1600,\"height\":800},{\"@type\":\"BreadcrumbList\",\"@id\":\"https:\/\/www.bredasys.com\/fr\/2018\/12\/yes-its-christmas-yes-its-love-yes-its-breda.html#breadcrumb\",\"itemListElement\":[{\"@type\":\"ListItem\",\"position\":1,\"name\":\"Breda\",\"item\":\"https:\/\/www.bredasys.com\/fr\"},{\"@type\":\"ListItem\",\"position\":2,\"name\":\"YES IT\u2019S CHRISTMAS, YES IT\u2019S LOVE, YES IT\u2019S BREDA\"}]},{\"@type\":\"WebSite\",\"@id\":\"https:\/\/www.bredasys.com\/fr#website\",\"url\":\"https:\/\/www.bredasys.com\/fr\",\"name\":\"Breda Sistemi Industriali S.p.A.\",\"description\":\"Porte da garage, portoni industriali\",\"publisher\":{\"@id\":\"https:\/\/www.bredasys.com\/fr#organization\"},\"potentialAction\":[{\"@type\":\"SearchAction\",\"target\":{\"@type\":\"EntryPoint\",\"urlTemplate\":\"https:\/\/www.bredasys.com\/fr?s={search_term_string}\"},\"query-input\":{\"@type\":\"PropertyValueSpecification\",\"valueRequired\":true,\"valueName\":\"search_term_string\"}}],\"inLanguage\":\"fr-FR\"},{\"@type\":\"Organization\",\"@id\":\"https:\/\/www.bredasys.com\/fr#organization\",\"name\":\"Breda Sistemi Industriali S.p.A.\",\"alternateName\":\"Breda Portoni\",\"url\":\"https:\/\/www.bredasys.com\/fr\",\"logo\":{\"@type\":\"ImageObject\",\"inLanguage\":\"fr-FR\",\"@id\":\"https:\/\/www.bredasys.com\/fr#\/schema\/logo\/image\/\",\"url\":\"https:\/\/www.bredasys.com\/wp-content\/uploads\/2024\/06\/Logo-Breda-01-quadrato-696.jpg\",\"contentUrl\":\"https:\/\/www.bredasys.com\/wp-content\/uploads\/2024\/06\/Logo-Breda-01-quadrato-696.jpg\",\"width\":696,\"height\":696,\"caption\":\"Breda Sistemi Industriali S.p.A.\"},\"image\":{\"@id\":\"https:\/\/www.bredasys.com\/fr#\/schema\/logo\/image\/\"},\"sameAs\":[\"https:\/\/www.facebook.com\/BredaPortoni\/\",\"https:\/\/x.com\/BredaPortoni\",\"https:\/\/www.linkedin.com\/company\/breda-sistemi-industriali\/\"]},{\"@type\":\"Person\",\"@id\":\"https:\/\/www.bredasys.com\/fr#\/schema\/person\/b3bf47179366b780119875b335751a49\",\"name\":\"Redazione Web Breda\",\"image\":{\"@type\":\"ImageObject\",\"inLanguage\":\"fr-FR\",\"@id\":\"https:\/\/www.bredasys.com\/fr#\/schema\/person\/image\/\",\"url\":\"https:\/\/secure.gravatar.com\/avatar\/a20639befd27fcd4433bb150f98a538941e8f177cc0734737ffadd6120dc04d4?s=96&d=mm&r=g\",\"contentUrl\":\"https:\/\/secure.gravatar.com\/avatar\/a20639befd27fcd4433bb150f98a538941e8f177cc0734737ffadd6120dc04d4?s=96&d=mm&r=g\",\"caption\":\"Redazione Web Breda\"}}]}<\/script>\n<!-- \/ Yoast SEO plugin. -->","yoast_head_json":{"title":"Yes, it's Christmas - Joyeux No\u00ebl et bonne ann\u00e9e de Breda!","description":"Nous vous signalons que notre entreprise sera ferm\u00e9e \u00e0 partir du 22 D\u00e9cembre 2018 jusqu\u2019au 06 Janvier 2019 pour les Vacances de No\u00ebl.","robots":{"index":"index","follow":"follow","max-snippet":"max-snippet:-1","max-image-preview":"max-image-preview:large","max-video-preview":"max-video-preview:-1"},"canonical":"https:\/\/www.bredasys.com\/fr\/2018\/12\/yes-its-christmas-yes-its-love-yes-its-breda.html","og_locale":"fr_FR","og_type":"article","og_title":"Yes, it's Christmas - Joyeux No\u00ebl et bonne ann\u00e9e!","og_description":"Nous vous signalons que notre entreprise sera ferm\u00e9e \u00e0 partir du 22 D\u00e9cembre 2018 jusqu\u2019au 06 Janvier 2019 pour les Vacances de No\u00ebl.","og_url":"https:\/\/www.bredasys.com\/fr\/2018\/12\/yes-its-christmas-yes-its-love-yes-its-breda.html","og_site_name":"Breda Sistemi Industriali S.p.A.","article_publisher":"https:\/\/www.facebook.com\/BredaPortoni\/","article_published_time":"2018-12-20T08:30:50+00:00","article_modified_time":"2019-04-17T11:39:07+00:00","og_image":[{"width":1600,"height":1521,"url":"https:\/\/www.bredasys.com\/wp-content\/uploads\/2018\/12\/Natale-2018-Breda.jpg","type":"image\/jpeg"}],"author":"Redazione Web Breda","twitter_card":"summary_large_image","twitter_title":"Yes, it's Christmas - Joyeux No\u00ebl et bonne ann\u00e9e!","twitter_image":"http:\/\/bredasys.com\/wp-content\/uploads\/2018\/12\/Natale-2018-Breda.jpg","twitter_creator":"@BredaPortoni","twitter_site":"@BredaPortoni","twitter_misc":{"\u00c9crit par":"Redazione Web Breda","Dur\u00e9e de lecture estim\u00e9e":"1 minute"},"schema":{"@context":"https:\/\/schema.org","@graph":[{"@type":"Article","@id":"https:\/\/www.bredasys.com\/fr\/2018\/12\/yes-its-christmas-yes-its-love-yes-its-breda.html#article","isPartOf":{"@id":"https:\/\/www.bredasys.com\/fr\/2018\/12\/yes-its-christmas-yes-its-love-yes-its-breda.html"},"author":{"name":"Redazione Web Breda","@id":"https:\/\/www.bredasys.com\/fr#\/schema\/person\/b3bf47179366b780119875b335751a49"},"headline":"YES IT\u2019S CHRISTMAS, YES IT\u2019S LOVE, YES IT\u2019S BREDA","datePublished":"2018-12-20T08:30:50+00:00","dateModified":"2019-04-17T11:39:07+00:00","mainEntityOfPage":{"@id":"https:\/\/www.bredasys.com\/fr\/2018\/12\/yes-its-christmas-yes-its-love-yes-its-breda.html"},"wordCount":291,"commentCount":0,"publisher":{"@id":"https:\/\/www.bredasys.com\/fr#organization"},"image":{"@id":"https:\/\/www.bredasys.com\/fr\/2018\/12\/yes-its-christmas-yes-its-love-yes-its-breda.html#primaryimage"},"thumbnailUrl":"https:\/\/www.bredasys.com\/wp-content\/uploads\/2018\/12\/copertina_natale_1600x800px-min.jpg","keywords":["Salutations"],"articleSection":["NEWS"],"inLanguage":"fr-FR","potentialAction":[{"@type":"CommentAction","name":"Comment","target":["https:\/\/www.bredasys.com\/fr\/2018\/12\/yes-its-christmas-yes-its-love-yes-its-breda.html#respond"]}]},{"@type":"WebPage","@id":"https:\/\/www.bredasys.com\/fr\/2018\/12\/yes-its-christmas-yes-its-love-yes-its-breda.html","url":"https:\/\/www.bredasys.com\/fr\/2018\/12\/yes-its-christmas-yes-its-love-yes-its-breda.html","name":"Yes, it's Christmas - Joyeux No\u00ebl et bonne ann\u00e9e de Breda!","isPartOf":{"@id":"https:\/\/www.bredasys.com\/fr#website"},"primaryImageOfPage":{"@id":"https:\/\/www.bredasys.com\/fr\/2018\/12\/yes-its-christmas-yes-its-love-yes-its-breda.html#primaryimage"},"image":{"@id":"https:\/\/www.bredasys.com\/fr\/2018\/12\/yes-its-christmas-yes-its-love-yes-its-breda.html#primaryimage"},"thumbnailUrl":"https:\/\/www.bredasys.com\/wp-content\/uploads\/2018\/12\/copertina_natale_1600x800px-min.jpg","datePublished":"2018-12-20T08:30:50+00:00","dateModified":"2019-04-17T11:39:07+00:00","description":"Nous vous signalons que notre entreprise sera ferm\u00e9e \u00e0 partir du 22 D\u00e9cembre 2018 jusqu\u2019au 06 Janvier 2019 pour les Vacances de No\u00ebl.","breadcrumb":{"@id":"https:\/\/www.bredasys.com\/fr\/2018\/12\/yes-its-christmas-yes-its-love-yes-its-breda.html#breadcrumb"},"inLanguage":"fr-FR","potentialAction":[{"@type":"ReadAction","target":["https:\/\/www.bredasys.com\/fr\/2018\/12\/yes-its-christmas-yes-its-love-yes-its-breda.html"]}]},{"@type":"ImageObject","inLanguage":"fr-FR","@id":"https:\/\/www.bredasys.com\/fr\/2018\/12\/yes-its-christmas-yes-its-love-yes-its-breda.html#primaryimage","url":"https:\/\/www.bredasys.com\/wp-content\/uploads\/2018\/12\/copertina_natale_1600x800px-min.jpg","contentUrl":"https:\/\/www.bredasys.com\/wp-content\/uploads\/2018\/12\/copertina_natale_1600x800px-min.jpg","width":1600,"height":800},{"@type":"BreadcrumbList","@id":"https:\/\/www.bredasys.com\/fr\/2018\/12\/yes-its-christmas-yes-its-love-yes-its-breda.html#breadcrumb","itemListElement":[{"@type":"ListItem","position":1,"name":"Breda","item":"https:\/\/www.bredasys.com\/fr"},{"@type":"ListItem","position":2,"name":"YES IT\u2019S CHRISTMAS, YES IT\u2019S LOVE, YES IT\u2019S BREDA"}]},{"@type":"WebSite","@id":"https:\/\/www.bredasys.com\/fr#website","url":"https:\/\/www.bredasys.com\/fr","name":"Breda Sistemi Industriali S.p.A.","description":"Porte da garage, portoni industriali","publisher":{"@id":"https:\/\/www.bredasys.com\/fr#organization"},"potentialAction":[{"@type":"SearchAction","target":{"@type":"EntryPoint","urlTemplate":"https:\/\/www.bredasys.com\/fr?s={search_term_string}"},"query-input":{"@type":"PropertyValueSpecification","valueRequired":true,"valueName":"search_term_string"}}],"inLanguage":"fr-FR"},{"@type":"Organization","@id":"https:\/\/www.bredasys.com\/fr#organization","name":"Breda Sistemi Industriali S.p.A.","alternateName":"Breda Portoni","url":"https:\/\/www.bredasys.com\/fr","logo":{"@type":"ImageObject","inLanguage":"fr-FR","@id":"https:\/\/www.bredasys.com\/fr#\/schema\/logo\/image\/","url":"https:\/\/www.bredasys.com\/wp-content\/uploads\/2024\/06\/Logo-Breda-01-quadrato-696.jpg","contentUrl":"https:\/\/www.bredasys.com\/wp-content\/uploads\/2024\/06\/Logo-Breda-01-quadrato-696.jpg","width":696,"height":696,"caption":"Breda Sistemi Industriali S.p.A."},"image":{"@id":"https:\/\/www.bredasys.com\/fr#\/schema\/logo\/image\/"},"sameAs":["https:\/\/www.facebook.com\/BredaPortoni\/","https:\/\/x.com\/BredaPortoni","https:\/\/www.linkedin.com\/company\/breda-sistemi-industriali\/"]},{"@type":"Person","@id":"https:\/\/www.bredasys.com\/fr#\/schema\/person\/b3bf47179366b780119875b335751a49","name":"Redazione Web Breda","image":{"@type":"ImageObject","inLanguage":"fr-FR","@id":"https:\/\/www.bredasys.com\/fr#\/schema\/person\/image\/","url":"https:\/\/secure.gravatar.com\/avatar\/a20639befd27fcd4433bb150f98a538941e8f177cc0734737ffadd6120dc04d4?s=96&d=mm&r=g","contentUrl":"https:\/\/secure.gravatar.com\/avatar\/a20639befd27fcd4433bb150f98a538941e8f177cc0734737ffadd6120dc04d4?s=96&d=mm&r=g","caption":"Redazione Web Breda"}}]}},"jetpack_featured_media_url":"https:\/\/www.bredasys.com\/wp-content\/uploads\/2018\/12\/copertina_natale_1600x800px-min.jpg","jetpack_sharing_enabled":true,"_links":{"self":[{"href":"https:\/\/www.bredasys.com\/fr\/wp-json\/wp\/v2\/posts\/29079","targetHints":{"allow":["GET"]}}],"collection":[{"href":"https:\/\/www.bredasys.com\/fr\/wp-json\/wp\/v2\/posts"}],"about":[{"href":"https:\/\/www.bredasys.com\/fr\/wp-json\/wp\/v2\/types\/post"}],"author":[{"embeddable":true,"href":"https:\/\/www.bredasys.com\/fr\/wp-json\/wp\/v2\/users\/8"}],"replies":[{"embeddable":true,"href":"https:\/\/www.bredasys.com\/fr\/wp-json\/wp\/v2\/comments?post=29079"}],"version-history":[{"count":0,"href":"https:\/\/www.bredasys.com\/fr\/wp-json\/wp\/v2\/posts\/29079\/revisions"}],"wp:featuredmedia":[{"embeddable":true,"href":"https:\/\/www.bredasys.com\/fr\/wp-json\/wp\/v2\/media\/29047"}],"wp:attachment":[{"href":"https:\/\/www.bredasys.com\/fr\/wp-json\/wp\/v2\/media?parent=29079"}],"wp:term":[{"taxonomy":"category","embeddable":true,"href":"https:\/\/www.bredasys.com\/fr\/wp-json\/wp\/v2\/categories?post=29079"},{"taxonomy":"post_tag","embeddable":true,"href":"https:\/\/www.bredasys.com\/fr\/wp-json\/wp\/v2\/tags?post=29079"}],"curies":[{"name":"wp","href":"https:\/\/api.w.org\/{rel}","templated":true}]}}