{"id":28844,"date":"2018-12-06T10:57:47","date_gmt":"2018-12-06T09:57:47","guid":{"rendered":"http:\/\/bredasys.com\/?p=28844"},"modified":"2022-12-21T15:56:44","modified_gmt":"2022-12-21T14:56:44","slug":"le-nouveau-site-web-de-breda-est-mis-en-scene-et-en-ligne","status":"publish","type":"post","link":"https:\/\/www.bredasys.com\/fr\/2018\/12\/le-nouveau-site-web-de-breda-est-mis-en-scene-et-en-ligne.html","title":{"rendered":"Le nouveau site Web de Breda est mis en sc\u00e8ne et en ligne"},"content":{"rendered":"<h2 style=\"text-align: justify;\"><img fetchpriority=\"high\" decoding=\"async\" class=\"alignnone size-full wp-image-28848\" src=\"http:\/\/bredasys.com\/wp-content\/uploads\/2018\/12\/Nouveau-site-Web-de-Breda-COP.jpg\" alt=\"Le nouveau site Web de Breda est mis en sc\u00e8ne et en ligne\" width=\"1600\" height=\"800\" srcset=\"https:\/\/www.bredasys.com\/wp-content\/uploads\/2018\/12\/Nouveau-site-Web-de-Breda-COP.jpg 1600w, https:\/\/www.bredasys.com\/wp-content\/uploads\/2018\/12\/Nouveau-site-Web-de-Breda-COP-300x150.jpg 300w, https:\/\/www.bredasys.com\/wp-content\/uploads\/2018\/12\/Nouveau-site-Web-de-Breda-COP-768x384.jpg 768w, https:\/\/www.bredasys.com\/wp-content\/uploads\/2018\/12\/Nouveau-site-Web-de-Breda-COP-1024x512.jpg 1024w\" sizes=\"(max-width: 1600px) 100vw, 1600px\" \/><\/h2>\n<p style=\"text-align: justify;\">Et le voici enfin: c&rsquo;est le nouveau site Web de Breda.<br \/>\nNous l\u2019avons cr\u00e9\u00e9 exactement comme nous concevons nos portes, en analysant le march\u00e9, \u00e0 la recherche des derni\u00e8res tendances en mati\u00e8re de design et de technologie et surtout en \u00e9coutant les besoins de nos clients.<br \/>\nNous avons travaill\u00e9 dur et nous sommes satisfaits du r\u00e9sultat obtenu car, comme toujours, c\u2019est le resultat d\u2019un excellent travail d\u2019\u00e9quipe, r\u00e9alis\u00e9 par des professionnels avec passion, qui s\u2019occupent de chaque d\u00e9tail sans rien laisser au hasard. Et bien \u00e9videmment, tout est fabriqu\u00e9 en Italie.<\/p>\n<p>&nbsp;<\/p>\n<p style=\"text-align: justify;\">Mais nous venons sur lui: le nouveau site tr\u00e8s attendu, un conteneur plein de contenu.<br \/>\nNous aimons le comparer \u00e0 un th\u00e9\u00e2tre qui met en sc\u00e8ne nos portes, toutes diff\u00e9rentes mais tout aussi protagonistes d&rsquo;une histoire unique sur le design, la s\u00e9curit\u00e9, la solidit\u00e9 et la technologie.<\/p>\n<p>&nbsp;<\/p>\n<p style=\"text-align: justify;\">Entrez dans notre \u00ab\u00a0th\u00e9\u00e2tre num\u00e9rique\u00a0\u00bb: vous trouverez tout le monde de Breda. Ici, vous d\u00e9couvrirez qui nous sommes, ce que nous faisons et comment. Vous pouvez facilement obtenir toutes les informations dont vous aurez besoin pour choisir votre nouvelle porte, admirez les photos que nous avons nombreuses et de grandes dimensions, preuve d&rsquo;installations effectu\u00e9es dans de nombreux maisons et <span lang=\"FR\">entreprises<\/span>.<\/p>\n<p>&nbsp;<\/p>\n<p style=\"text-align: justify;\">Vous pouvez choisir les options les mieux adapt\u00e9es \u00e0 vos besoins, regarder des vid\u00e9os, t\u00e9l\u00e9charger et feuilleter les catalogues, demander un devis, soumettre une demande de service, trouver votre revendeur le plus proche et conna\u00eetre toutes les nouveaut\u00e9s gr\u00e2ce \u00e0 la section de nouvelles et ce blog, toujours mis \u00e0 jour.<\/p>\n<p>&nbsp;<\/p>\n<p style=\"text-align: justify;\">Il y a aussi un espace d\u00e9di\u00e9 \u00e0 nos revendeurs, plein d&rsquo;outils con\u00e7us sp\u00e9cialement pour eux, afin qu&rsquo;ils puissent toujours vous offrir un excellent service.<\/p>\n<p>&nbsp;<\/p>\n<p style=\"text-align: justify;\">Ceci, cependant, n&rsquo;est qu&rsquo;une partie de tout ce que vous pouvez trouver en <a href=\"\/fr\">cliquant ici<\/a>.<br \/>\nNous ne r\u00e9v\u00e9lerons rien d&rsquo;autre. Nous vous souhaitons une bonne navigation.<\/p>\n<p>[vc_row row_type=\u00a0\u00bbrow\u00a0\u00bb text_align=\u00a0\u00bbleft\u00a0\u00bb css_animation=\u00a0\u00bb\u00a0\u00bb][vc_column][vc_separator type=\u00a0\u00bbnormal\u00a0\u00bb color=\u00a0\u00bb#ffffff\u00a0\u00bb up=\u00a0\u00bb10&Prime; down=\u00a0\u00bb10&Prime;][\/vc_column][\/vc_row][vc_row row_type=\u00a0\u00bbrow\u00a0\u00bb text_align=\u00a0\u00bbleft\u00a0\u00bb css_animation=\u00a0\u00bb\u00a0\u00bb][vc_column][vc_gallery type=\u00a0\u00bbimage_grid\u00a0\u00bb images=\u00a0\u00bb28857,28853,28861&Prime; img_size=\u00a0\u00bbfull\u00a0\u00bb css_animation=\u00a0\u00bbbounceIn\u00a0\u00bb column_number=\u00a0\u00bb3&Prime;][\/vc_column][\/vc_row][vc_row row_type=\u00a0\u00bbrow\u00a0\u00bb text_align=\u00a0\u00bbleft\u00a0\u00bb css_animation=\u00a0\u00bb\u00a0\u00bb][vc_column][vc_column_text]<b>Approfondimenti:<\/b><\/p>\n<p><a href=\"\/fr\" target=\"_blank\" rel=\"noopener\">Homepage<\/a>[\/vc_column_text][\/vc_column][\/vc_row][vc_row row_type=\u00a0\u00bbrow\u00a0\u00bb text_align=\u00a0\u00bbleft\u00a0\u00bb css_animation=\u00a0\u00bb\u00a0\u00bb][vc_column][vc_column_text]<\/p>\n<p>&nbsp;<\/p>\n<p>&nbsp;<\/p>\n<hr \/>\n<p>&nbsp;<\/p>\n<p>[\/vc_column_text][\/vc_column][\/vc_row][vc_row row_type=\u00a0\u00bbrow\u00a0\u00bb text_align=\u00a0\u00bbleft\u00a0\u00bb css_animation=\u00a0\u00bb\u00a0\u00bb][vc_column][vc_column_text]<\/p>\n<p>[\/vc_column_text][\/vc_column][\/vc_row]<\/p>\n","protected":false},"excerpt":{"rendered":"<p style=\"text-align: justify;\">Et le voici enfin : c&rsquo;est le nouveau site Web de Breda. Nous l\u2019avons cr\u00e9\u00e9 exactement comme nous concevons nos portes, en analysant le march\u00e9, \u00e0 la recherche des derni\u00e8res tendances en mati\u00e8re de design et de technologie et surtout en \u00e9coutant les besoins de nos clients.<\/p>\n","protected":false},"author":8,"featured_media":28848,"comment_status":"open","ping_status":"open","sticky":false,"template":"","format":"standard","meta":{"_acf_changed":false,"_jetpack_memberships_contains_paid_content":false,"footnotes":""},"categories":[660],"tags":[777],"class_list":["post-28844","post","type-post","status-publish","format-standard","has-post-thumbnail","hentry","category-nouvelles","tag-monde-breda"],"acf":[],"yoast_head":"<!-- This site is optimized with the Yoast SEO plugin v27.1.1 - https:\/\/yoast.com\/product\/yoast-seo-wordpress\/ -->\n<title>Le nouveau site Web de Breda est mis en sc\u00e8ne et en ligne!<\/title>\n<meta name=\"description\" content=\"Et le voici enfin : c&#039;est le nouveau site Web de Breda. Nous l\u2019avons cr\u00e9\u00e9 exactement comme nous concevons nos portes!\" \/>\n<meta name=\"robots\" content=\"index, follow, max-snippet:-1, max-image-preview:large, max-video-preview:-1\" \/>\n<link rel=\"canonical\" href=\"https:\/\/www.bredasys.com\/fr\/2018\/12\/le-nouveau-site-web-de-breda-est-mis-en-scene-et-en-ligne.html\" \/>\n<meta property=\"og:locale\" content=\"fr_FR\" \/>\n<meta property=\"og:type\" content=\"article\" \/>\n<meta property=\"og:title\" content=\"Le nouveau site Web de Breda est mis en sc\u00e8ne et en ligne!\" \/>\n<meta property=\"og:description\" content=\"Et le voici enfin : c&#039;est le nouveau site Web de Breda. Nous l\u2019avons cr\u00e9\u00e9 exactement comme nous concevons nos portes!\" \/>\n<meta property=\"og:url\" content=\"https:\/\/www.bredasys.com\/fr\/2018\/12\/le-nouveau-site-web-de-breda-est-mis-en-scene-et-en-ligne.html\" \/>\n<meta property=\"og:site_name\" content=\"Breda Sistemi Industriali S.p.A.\" \/>\n<meta property=\"article:publisher\" content=\"https:\/\/www.facebook.com\/BredaPortoni\/\" \/>\n<meta property=\"article:published_time\" content=\"2018-12-06T09:57:47+00:00\" \/>\n<meta property=\"article:modified_time\" content=\"2022-12-21T14:56:44+00:00\" \/>\n<meta property=\"og:image\" content=\"https:\/\/www.bredasys.com\/wp-content\/uploads\/2018\/12\/Nouveau-site-Web-de-Breda-COP.jpg\" \/>\n\t<meta property=\"og:image:width\" content=\"1600\" \/>\n\t<meta property=\"og:image:height\" content=\"800\" \/>\n\t<meta property=\"og:image:type\" content=\"image\/jpeg\" \/>\n<meta name=\"author\" content=\"Redazione Web Breda\" \/>\n<meta name=\"twitter:card\" content=\"summary_large_image\" \/>\n<meta name=\"twitter:creator\" content=\"@BredaPortoni\" \/>\n<meta name=\"twitter:site\" content=\"@BredaPortoni\" \/>\n<meta name=\"twitter:label1\" content=\"\u00c9crit par\" \/>\n\t<meta name=\"twitter:data1\" content=\"Redazione Web Breda\" \/>\n\t<meta name=\"twitter:label2\" content=\"Dur\u00e9e de lecture estim\u00e9e\" \/>\n\t<meta name=\"twitter:data2\" content=\"2 minutes\" \/>\n<script type=\"application\/ld+json\" class=\"yoast-schema-graph\">{\"@context\":\"https:\/\/schema.org\",\"@graph\":[{\"@type\":\"Article\",\"@id\":\"https:\/\/www.bredasys.com\/fr\/2018\/12\/le-nouveau-site-web-de-breda-est-mis-en-scene-et-en-ligne.html#article\",\"isPartOf\":{\"@id\":\"https:\/\/www.bredasys.com\/fr\/2018\/12\/le-nouveau-site-web-de-breda-est-mis-en-scene-et-en-ligne.html\"},\"author\":{\"name\":\"Redazione Web Breda\",\"@id\":\"https:\/\/www.bredasys.com\/fr#\/schema\/person\/b3bf47179366b780119875b335751a49\"},\"headline\":\"Le nouveau site Web de Breda est mis en sc\u00e8ne et en ligne\",\"datePublished\":\"2018-12-06T09:57:47+00:00\",\"dateModified\":\"2022-12-21T14:56:44+00:00\",\"mainEntityOfPage\":{\"@id\":\"https:\/\/www.bredasys.com\/fr\/2018\/12\/le-nouveau-site-web-de-breda-est-mis-en-scene-et-en-ligne.html\"},\"wordCount\":477,\"commentCount\":0,\"publisher\":{\"@id\":\"https:\/\/www.bredasys.com\/fr#organization\"},\"image\":{\"@id\":\"https:\/\/www.bredasys.com\/fr\/2018\/12\/le-nouveau-site-web-de-breda-est-mis-en-scene-et-en-ligne.html#primaryimage\"},\"thumbnailUrl\":\"https:\/\/www.bredasys.com\/wp-content\/uploads\/2018\/12\/Nouveau-site-Web-de-Breda-COP.jpg\",\"keywords\":[\"Monde Breda\"],\"articleSection\":[\"NEWS\"],\"inLanguage\":\"fr-FR\",\"potentialAction\":[{\"@type\":\"CommentAction\",\"name\":\"Comment\",\"target\":[\"https:\/\/www.bredasys.com\/fr\/2018\/12\/le-nouveau-site-web-de-breda-est-mis-en-scene-et-en-ligne.html#respond\"]}]},{\"@type\":\"WebPage\",\"@id\":\"https:\/\/www.bredasys.com\/fr\/2018\/12\/le-nouveau-site-web-de-breda-est-mis-en-scene-et-en-ligne.html\",\"url\":\"https:\/\/www.bredasys.com\/fr\/2018\/12\/le-nouveau-site-web-de-breda-est-mis-en-scene-et-en-ligne.html\",\"name\":\"Le nouveau site Web de Breda est mis en sc\u00e8ne et en ligne!\",\"isPartOf\":{\"@id\":\"https:\/\/www.bredasys.com\/fr#website\"},\"primaryImageOfPage\":{\"@id\":\"https:\/\/www.bredasys.com\/fr\/2018\/12\/le-nouveau-site-web-de-breda-est-mis-en-scene-et-en-ligne.html#primaryimage\"},\"image\":{\"@id\":\"https:\/\/www.bredasys.com\/fr\/2018\/12\/le-nouveau-site-web-de-breda-est-mis-en-scene-et-en-ligne.html#primaryimage\"},\"thumbnailUrl\":\"https:\/\/www.bredasys.com\/wp-content\/uploads\/2018\/12\/Nouveau-site-Web-de-Breda-COP.jpg\",\"datePublished\":\"2018-12-06T09:57:47+00:00\",\"dateModified\":\"2022-12-21T14:56:44+00:00\",\"description\":\"Et le voici enfin : c'est le nouveau site Web de Breda. Nous l\u2019avons cr\u00e9\u00e9 exactement comme nous concevons nos portes!\",\"breadcrumb\":{\"@id\":\"https:\/\/www.bredasys.com\/fr\/2018\/12\/le-nouveau-site-web-de-breda-est-mis-en-scene-et-en-ligne.html#breadcrumb\"},\"inLanguage\":\"fr-FR\",\"potentialAction\":[{\"@type\":\"ReadAction\",\"target\":[\"https:\/\/www.bredasys.com\/fr\/2018\/12\/le-nouveau-site-web-de-breda-est-mis-en-scene-et-en-ligne.html\"]}]},{\"@type\":\"ImageObject\",\"inLanguage\":\"fr-FR\",\"@id\":\"https:\/\/www.bredasys.com\/fr\/2018\/12\/le-nouveau-site-web-de-breda-est-mis-en-scene-et-en-ligne.html#primaryimage\",\"url\":\"https:\/\/www.bredasys.com\/wp-content\/uploads\/2018\/12\/Nouveau-site-Web-de-Breda-COP.jpg\",\"contentUrl\":\"https:\/\/www.bredasys.com\/wp-content\/uploads\/2018\/12\/Nouveau-site-Web-de-Breda-COP.jpg\",\"width\":1600,\"height\":800,\"caption\":\"Le nouveau site Web de Breda est mis en sc\u00e8ne et en ligne\"},{\"@type\":\"BreadcrumbList\",\"@id\":\"https:\/\/www.bredasys.com\/fr\/2018\/12\/le-nouveau-site-web-de-breda-est-mis-en-scene-et-en-ligne.html#breadcrumb\",\"itemListElement\":[{\"@type\":\"ListItem\",\"position\":1,\"name\":\"Breda\",\"item\":\"https:\/\/www.bredasys.com\/fr\"},{\"@type\":\"ListItem\",\"position\":2,\"name\":\"Le nouveau site Web de Breda est mis en sc\u00e8ne et en ligne\"}]},{\"@type\":\"WebSite\",\"@id\":\"https:\/\/www.bredasys.com\/fr#website\",\"url\":\"https:\/\/www.bredasys.com\/fr\",\"name\":\"Breda Sistemi Industriali S.p.A.\",\"description\":\"Porte da garage, portoni industriali\",\"publisher\":{\"@id\":\"https:\/\/www.bredasys.com\/fr#organization\"},\"potentialAction\":[{\"@type\":\"SearchAction\",\"target\":{\"@type\":\"EntryPoint\",\"urlTemplate\":\"https:\/\/www.bredasys.com\/fr?s={search_term_string}\"},\"query-input\":{\"@type\":\"PropertyValueSpecification\",\"valueRequired\":true,\"valueName\":\"search_term_string\"}}],\"inLanguage\":\"fr-FR\"},{\"@type\":\"Organization\",\"@id\":\"https:\/\/www.bredasys.com\/fr#organization\",\"name\":\"Breda Sistemi Industriali S.p.A.\",\"alternateName\":\"Breda Portoni\",\"url\":\"https:\/\/www.bredasys.com\/fr\",\"logo\":{\"@type\":\"ImageObject\",\"inLanguage\":\"fr-FR\",\"@id\":\"https:\/\/www.bredasys.com\/fr#\/schema\/logo\/image\/\",\"url\":\"https:\/\/www.bredasys.com\/wp-content\/uploads\/2024\/06\/Logo-Breda-01-quadrato-696.jpg\",\"contentUrl\":\"https:\/\/www.bredasys.com\/wp-content\/uploads\/2024\/06\/Logo-Breda-01-quadrato-696.jpg\",\"width\":696,\"height\":696,\"caption\":\"Breda Sistemi Industriali S.p.A.\"},\"image\":{\"@id\":\"https:\/\/www.bredasys.com\/fr#\/schema\/logo\/image\/\"},\"sameAs\":[\"https:\/\/www.facebook.com\/BredaPortoni\/\",\"https:\/\/x.com\/BredaPortoni\",\"https:\/\/www.linkedin.com\/company\/breda-sistemi-industriali\/\"]},{\"@type\":\"Person\",\"@id\":\"https:\/\/www.bredasys.com\/fr#\/schema\/person\/b3bf47179366b780119875b335751a49\",\"name\":\"Redazione Web Breda\",\"image\":{\"@type\":\"ImageObject\",\"inLanguage\":\"fr-FR\",\"@id\":\"https:\/\/www.bredasys.com\/fr#\/schema\/person\/image\/\",\"url\":\"https:\/\/secure.gravatar.com\/avatar\/a20639befd27fcd4433bb150f98a538941e8f177cc0734737ffadd6120dc04d4?s=96&d=mm&r=g\",\"contentUrl\":\"https:\/\/secure.gravatar.com\/avatar\/a20639befd27fcd4433bb150f98a538941e8f177cc0734737ffadd6120dc04d4?s=96&d=mm&r=g\",\"caption\":\"Redazione Web Breda\"}}]}<\/script>\n<!-- \/ Yoast SEO plugin. -->","yoast_head_json":{"title":"Le nouveau site Web de Breda est mis en sc\u00e8ne et en ligne!","description":"Et le voici enfin : c'est le nouveau site Web de Breda. Nous l\u2019avons cr\u00e9\u00e9 exactement comme nous concevons nos portes!","robots":{"index":"index","follow":"follow","max-snippet":"max-snippet:-1","max-image-preview":"max-image-preview:large","max-video-preview":"max-video-preview:-1"},"canonical":"https:\/\/www.bredasys.com\/fr\/2018\/12\/le-nouveau-site-web-de-breda-est-mis-en-scene-et-en-ligne.html","og_locale":"fr_FR","og_type":"article","og_title":"Le nouveau site Web de Breda est mis en sc\u00e8ne et en ligne!","og_description":"Et le voici enfin : c'est le nouveau site Web de Breda. Nous l\u2019avons cr\u00e9\u00e9 exactement comme nous concevons nos portes!","og_url":"https:\/\/www.bredasys.com\/fr\/2018\/12\/le-nouveau-site-web-de-breda-est-mis-en-scene-et-en-ligne.html","og_site_name":"Breda Sistemi Industriali S.p.A.","article_publisher":"https:\/\/www.facebook.com\/BredaPortoni\/","article_published_time":"2018-12-06T09:57:47+00:00","article_modified_time":"2022-12-21T14:56:44+00:00","og_image":[{"width":1600,"height":800,"url":"https:\/\/www.bredasys.com\/wp-content\/uploads\/2018\/12\/Nouveau-site-Web-de-Breda-COP.jpg","type":"image\/jpeg"}],"author":"Redazione Web Breda","twitter_card":"summary_large_image","twitter_creator":"@BredaPortoni","twitter_site":"@BredaPortoni","twitter_misc":{"\u00c9crit par":"Redazione Web Breda","Dur\u00e9e de lecture estim\u00e9e":"2 minutes"},"schema":{"@context":"https:\/\/schema.org","@graph":[{"@type":"Article","@id":"https:\/\/www.bredasys.com\/fr\/2018\/12\/le-nouveau-site-web-de-breda-est-mis-en-scene-et-en-ligne.html#article","isPartOf":{"@id":"https:\/\/www.bredasys.com\/fr\/2018\/12\/le-nouveau-site-web-de-breda-est-mis-en-scene-et-en-ligne.html"},"author":{"name":"Redazione Web Breda","@id":"https:\/\/www.bredasys.com\/fr#\/schema\/person\/b3bf47179366b780119875b335751a49"},"headline":"Le nouveau site Web de Breda est mis en sc\u00e8ne et en ligne","datePublished":"2018-12-06T09:57:47+00:00","dateModified":"2022-12-21T14:56:44+00:00","mainEntityOfPage":{"@id":"https:\/\/www.bredasys.com\/fr\/2018\/12\/le-nouveau-site-web-de-breda-est-mis-en-scene-et-en-ligne.html"},"wordCount":477,"commentCount":0,"publisher":{"@id":"https:\/\/www.bredasys.com\/fr#organization"},"image":{"@id":"https:\/\/www.bredasys.com\/fr\/2018\/12\/le-nouveau-site-web-de-breda-est-mis-en-scene-et-en-ligne.html#primaryimage"},"thumbnailUrl":"https:\/\/www.bredasys.com\/wp-content\/uploads\/2018\/12\/Nouveau-site-Web-de-Breda-COP.jpg","keywords":["Monde Breda"],"articleSection":["NEWS"],"inLanguage":"fr-FR","potentialAction":[{"@type":"CommentAction","name":"Comment","target":["https:\/\/www.bredasys.com\/fr\/2018\/12\/le-nouveau-site-web-de-breda-est-mis-en-scene-et-en-ligne.html#respond"]}]},{"@type":"WebPage","@id":"https:\/\/www.bredasys.com\/fr\/2018\/12\/le-nouveau-site-web-de-breda-est-mis-en-scene-et-en-ligne.html","url":"https:\/\/www.bredasys.com\/fr\/2018\/12\/le-nouveau-site-web-de-breda-est-mis-en-scene-et-en-ligne.html","name":"Le nouveau site Web de Breda est mis en sc\u00e8ne et en ligne!","isPartOf":{"@id":"https:\/\/www.bredasys.com\/fr#website"},"primaryImageOfPage":{"@id":"https:\/\/www.bredasys.com\/fr\/2018\/12\/le-nouveau-site-web-de-breda-est-mis-en-scene-et-en-ligne.html#primaryimage"},"image":{"@id":"https:\/\/www.bredasys.com\/fr\/2018\/12\/le-nouveau-site-web-de-breda-est-mis-en-scene-et-en-ligne.html#primaryimage"},"thumbnailUrl":"https:\/\/www.bredasys.com\/wp-content\/uploads\/2018\/12\/Nouveau-site-Web-de-Breda-COP.jpg","datePublished":"2018-12-06T09:57:47+00:00","dateModified":"2022-12-21T14:56:44+00:00","description":"Et le voici enfin : c'est le nouveau site Web de Breda. Nous l\u2019avons cr\u00e9\u00e9 exactement comme nous concevons nos portes!","breadcrumb":{"@id":"https:\/\/www.bredasys.com\/fr\/2018\/12\/le-nouveau-site-web-de-breda-est-mis-en-scene-et-en-ligne.html#breadcrumb"},"inLanguage":"fr-FR","potentialAction":[{"@type":"ReadAction","target":["https:\/\/www.bredasys.com\/fr\/2018\/12\/le-nouveau-site-web-de-breda-est-mis-en-scene-et-en-ligne.html"]}]},{"@type":"ImageObject","inLanguage":"fr-FR","@id":"https:\/\/www.bredasys.com\/fr\/2018\/12\/le-nouveau-site-web-de-breda-est-mis-en-scene-et-en-ligne.html#primaryimage","url":"https:\/\/www.bredasys.com\/wp-content\/uploads\/2018\/12\/Nouveau-site-Web-de-Breda-COP.jpg","contentUrl":"https:\/\/www.bredasys.com\/wp-content\/uploads\/2018\/12\/Nouveau-site-Web-de-Breda-COP.jpg","width":1600,"height":800,"caption":"Le nouveau site Web de Breda est mis en sc\u00e8ne et en ligne"},{"@type":"BreadcrumbList","@id":"https:\/\/www.bredasys.com\/fr\/2018\/12\/le-nouveau-site-web-de-breda-est-mis-en-scene-et-en-ligne.html#breadcrumb","itemListElement":[{"@type":"ListItem","position":1,"name":"Breda","item":"https:\/\/www.bredasys.com\/fr"},{"@type":"ListItem","position":2,"name":"Le nouveau site Web de Breda est mis en sc\u00e8ne et en ligne"}]},{"@type":"WebSite","@id":"https:\/\/www.bredasys.com\/fr#website","url":"https:\/\/www.bredasys.com\/fr","name":"Breda Sistemi Industriali S.p.A.","description":"Porte da garage, portoni industriali","publisher":{"@id":"https:\/\/www.bredasys.com\/fr#organization"},"potentialAction":[{"@type":"SearchAction","target":{"@type":"EntryPoint","urlTemplate":"https:\/\/www.bredasys.com\/fr?s={search_term_string}"},"query-input":{"@type":"PropertyValueSpecification","valueRequired":true,"valueName":"search_term_string"}}],"inLanguage":"fr-FR"},{"@type":"Organization","@id":"https:\/\/www.bredasys.com\/fr#organization","name":"Breda Sistemi Industriali S.p.A.","alternateName":"Breda Portoni","url":"https:\/\/www.bredasys.com\/fr","logo":{"@type":"ImageObject","inLanguage":"fr-FR","@id":"https:\/\/www.bredasys.com\/fr#\/schema\/logo\/image\/","url":"https:\/\/www.bredasys.com\/wp-content\/uploads\/2024\/06\/Logo-Breda-01-quadrato-696.jpg","contentUrl":"https:\/\/www.bredasys.com\/wp-content\/uploads\/2024\/06\/Logo-Breda-01-quadrato-696.jpg","width":696,"height":696,"caption":"Breda Sistemi Industriali S.p.A."},"image":{"@id":"https:\/\/www.bredasys.com\/fr#\/schema\/logo\/image\/"},"sameAs":["https:\/\/www.facebook.com\/BredaPortoni\/","https:\/\/x.com\/BredaPortoni","https:\/\/www.linkedin.com\/company\/breda-sistemi-industriali\/"]},{"@type":"Person","@id":"https:\/\/www.bredasys.com\/fr#\/schema\/person\/b3bf47179366b780119875b335751a49","name":"Redazione Web Breda","image":{"@type":"ImageObject","inLanguage":"fr-FR","@id":"https:\/\/www.bredasys.com\/fr#\/schema\/person\/image\/","url":"https:\/\/secure.gravatar.com\/avatar\/a20639befd27fcd4433bb150f98a538941e8f177cc0734737ffadd6120dc04d4?s=96&d=mm&r=g","contentUrl":"https:\/\/secure.gravatar.com\/avatar\/a20639befd27fcd4433bb150f98a538941e8f177cc0734737ffadd6120dc04d4?s=96&d=mm&r=g","caption":"Redazione Web Breda"}}]}},"jetpack_featured_media_url":"https:\/\/www.bredasys.com\/wp-content\/uploads\/2018\/12\/Nouveau-site-Web-de-Breda-COP.jpg","jetpack_sharing_enabled":true,"_links":{"self":[{"href":"https:\/\/www.bredasys.com\/fr\/wp-json\/wp\/v2\/posts\/28844","targetHints":{"allow":["GET"]}}],"collection":[{"href":"https:\/\/www.bredasys.com\/fr\/wp-json\/wp\/v2\/posts"}],"about":[{"href":"https:\/\/www.bredasys.com\/fr\/wp-json\/wp\/v2\/types\/post"}],"author":[{"embeddable":true,"href":"https:\/\/www.bredasys.com\/fr\/wp-json\/wp\/v2\/users\/8"}],"replies":[{"embeddable":true,"href":"https:\/\/www.bredasys.com\/fr\/wp-json\/wp\/v2\/comments?post=28844"}],"version-history":[{"count":0,"href":"https:\/\/www.bredasys.com\/fr\/wp-json\/wp\/v2\/posts\/28844\/revisions"}],"wp:featuredmedia":[{"embeddable":true,"href":"https:\/\/www.bredasys.com\/fr\/wp-json\/wp\/v2\/media\/28848"}],"wp:attachment":[{"href":"https:\/\/www.bredasys.com\/fr\/wp-json\/wp\/v2\/media?parent=28844"}],"wp:term":[{"taxonomy":"category","embeddable":true,"href":"https:\/\/www.bredasys.com\/fr\/wp-json\/wp\/v2\/categories?post=28844"},{"taxonomy":"post_tag","embeddable":true,"href":"https:\/\/www.bredasys.com\/fr\/wp-json\/wp\/v2\/tags?post=28844"}],"curies":[{"name":"wp","href":"https:\/\/api.w.org\/{rel}","templated":true}]}}