{"id":27286,"date":"2018-01-29T14:36:05","date_gmt":"2018-01-29T13:36:05","guid":{"rendered":"http:\/\/bredasys.com\/2018\/11\/portes-breda-toutes-les-nouvelles-de-2018.html"},"modified":"2022-12-21T15:56:30","modified_gmt":"2022-12-21T14:56:30","slug":"portes-breda-toutes-les-nouvelles-de-2018","status":"publish","type":"post","link":"https:\/\/www.bredasys.com\/fr\/2018\/01\/portes-breda-toutes-les-nouvelles-de-2018.html","title":{"rendered":"Portes Breda, toutes les nouvelles de 2018"},"content":{"rendered":"<p style=\"text-align: justify;\">Chez Breda, l&rsquo;ann\u00e9e 2018 commence par l&rsquo;innovation et l&rsquo;innovation technologique. Des solutions technologiquement avanc\u00e9es, d\u00e9velopp\u00e9es par l&rsquo;\u00e9quipe infatigable du service interne de Recherche &amp; D\u00e9veloppement, qui augmentent les performances des portes sectionnelles et leurs qualit\u00e9s indiscutables d&rsquo;efficacit\u00e9 et de s\u00e9curit\u00e9.\u00a0D\u00e9couvrons-les ensemble.<\/p>\n<p>&nbsp;<\/p>\n<div class=\"page\" style=\"text-align: justify;\" title=\"Page 1\">\n<div class=\"section\">\n<div class=\"layoutArea\">\n<div class=\"column\">\n<h3>REFOULEMENT SDB<\/h3>\n<p style=\"text-align: justify;\">Cette solution est une alternative du refoulement SD avec les m\u00eames dimensions, caract\u00e9ristiques et encombrements.<\/p>\n<p style=\"text-align: justify;\">Ce nouveau refoulement emploie une particulier console qui coulisse dans une double glissi\u00e8re horizontale et qui permit un mouvement plus fluide et moins bruyant par rapport \u00e0 la console sup\u00e9rieure \u00e0 ciseaux, car ne fait pas osciller le panneau et bousculer le support pendant l&rsquo;ouverture.<\/p>\n<p>&nbsp;<\/p>\n<p>[vc_gallery type=\u00a0\u00bbimage_grid\u00a0\u00bb images=\u00a0\u00bb21495,21506&Prime; img_size=\u00a0\u00bbfull\u00a0\u00bb css_animation=\u00a0\u00bbbounceIn\u00a0\u00bb column_number=\u00a0\u00bb3&Prime;]<\/p>\n<p>&nbsp;<\/p>\n<\/div>\n<\/div>\n<\/div>\n<\/div>\n<div class=\"page\" style=\"text-align: justify;\" title=\"Page 1\">\n<div class=\"section\">\n<div class=\"layoutArea\">\n<div class=\"column\">\n<h3>NOUVEAUX HUBLOTS EN INOX<\/h3>\n<p style=\"text-align: justify;\">Pour satisfaire les diff\u00e9rentes demandes du march\u00e9 nous pr\u00e9sentons une nouvelle s\u00e9rie d\u2019hublots en verre avec cadre en acier inox satin\u00e9. Ils seront disponibles comme accessoires dans les lignes Domus Line, Side Line et Bascu Line.<\/p>\n<\/div>\n<\/div>\n<\/div>\n<\/div>\n<p>[vc_gallery type=\u00a0\u00bbimage_grid\u00a0\u00bb images=\u00a0\u00bb20203,20204,20205,20206&Prime; img_size=\u00a0\u00bbfull\u00a0\u00bb css_animation=\u00a0\u00bbbounceIn\u00a0\u00bb column_number=\u00a0\u00bb4&Prime;]<\/p>\n<p>&nbsp;<\/p>\n<div class=\"page\" style=\"text-align: justify;\" title=\"Page 3\">\n<div class=\"section\">\n<div class=\"layoutArea\">\n<div class=\"column\">\n<h3>NOUVEAU MOTEUR \u00c0 ENTRA\u00ceNEMENT<\/h3>\n<p style=\"text-align: justify;\">Il s\u2019agit d\u2019un moteur de 650N, le rail est \u00e0 courroie, le corps du moteur et l\u2019armoire de commande sont positionn\u00e9s \u00e0 bord rail. \u00c9quip\u00e9 par deux t\u00e9l\u00e9commandes bicanales et commande-radio r\u00e9cepteur.<\/p>\n<p style=\"text-align: justify;\">Le moteur \u00e0 un syst\u00e8me Encoder qui permet d&rsquo;effectuer un cycle d&rsquo;auto-apprentissage pour d\u00e9tecter la fermeture au sol de la porte et du fin de course d\u2019ouverture sur le rail.<\/p>\n<p style=\"text-align: justify;\">La programmation du moteur est r\u00e9alis\u00e9e avec des menus simples directement par la carte commande. Il peut \u00eatre \u00e9quip\u00e9 de photocellules, clignotant et tous les barres de s\u00e9curit\u00e9 sauf de la barre de s\u00e9curit\u00e9 Fraba.<\/p>\n<p>&nbsp;<\/p>\n<p>[vc_gallery type=\u00a0\u00bbimage_grid\u00a0\u00bb images=\u00a0\u00bb21492&Prime; img_size=\u00a0\u00bbfull\u00a0\u00bb css_animation=\u00a0\u00bbbounceIn\u00a0\u00bb column_number=\u00a0\u00bb3&Prime;]<\/p>\n<p>&nbsp;<\/p>\n<\/div>\n<\/div>\n<\/div>\n<\/div>\n<div class=\"page\" style=\"text-align: justify;\" title=\"Page 3\">\n<div class=\"section\">\n<div class=\"layoutArea\">\n<div class=\"column\">\n<h3>NOUVEAU MOTEUR \u00c0 PRISE DIRECTE<\/h3>\n<p style=\"text-align: justify;\">Maintenant nous avons disponible un nouveau moteur de la famille STA appel\u00e9 STAC. Il est \u00e9quip\u00e9 de bons fonctionnements de base qui permettent de l&rsquo;utiliser en mode \u00ab\u00a0Homme Mort\u00a0\u00bb ou en mode semi-automatique, ouverture \u00e0 impulsion et fermeture par bouton-poussoir.<\/p>\n<p style=\"text-align: justify;\">Ce moteur diff\u00e8re des autres moteurs de la famille STA pour l&rsquo;int\u00e9gration de la carte commande \u00e0 l&rsquo;int\u00e9rieur du corps du moteur. Il est \u00e9quip\u00e9 d&rsquo;un bouton-poussoir avec un c\u00e2ble \u00e9lectrique c\u00e2bl\u00e9 de 5 m avec boutons poussoir Ouverture-Fermeture-Arr\u00eat.<br \/>\nLe r\u00e9glage de la course du moteur est effectu\u00e9 par des fins de course m\u00e9caniques pratiques.<\/p>\n<p>&nbsp;<\/p>\n<p>[vc_gallery type=\u00a0\u00bbimage_grid\u00a0\u00bb images=\u00a0\u00bb21491&Prime; img_size=\u00a0\u00bbfull\u00a0\u00bb css_animation=\u00a0\u00bbbounceIn\u00a0\u00bb column_number=\u00a0\u00bb3&Prime;]<\/p>\n<p>&nbsp;<\/p>\n<\/div>\n<\/div>\n<\/div>\n<\/div>\n<h3 style=\"text-align: justify;\">NOUVEAU CLIGNOTANT LED &#8211; UNIVERSEL<\/h3>\n<div class=\"page\" style=\"text-align: justify;\" title=\"Page 4\">\n<div class=\"section\">\n<div class=\"layoutArea\">\n<div class=\"column\">\n<p style=\"text-align: justify;\">Nous pr\u00e9sentons par la pr\u00e9sente le clignotant universel \u00e0 LED compatible avec les moteurs qui ont une sortie 12V, 24V ou 220V. Le clignotant peut fonctionner \u00e0 la fois en mode de clignotement autonome et en mode de clignotement moteur.<\/p>\n<p style=\"text-align: justify;\">Les clignotants peuvent \u00eatre \u00e9quip\u00e9s d&rsquo;une antenne de r\u00e9ception pour \u00e9tendre la port\u00e9e des \u00e9metteurs dans les fr\u00e9quences compatibles.<\/p>\n<p>&nbsp;<\/p>\n<p>[vc_gallery type=\u00a0\u00bbimage_grid\u00a0\u00bb images=\u00a0\u00bb20210&Prime; img_size=\u00a0\u00bbfull\u00a0\u00bb css_animation=\u00a0\u00bbbounceIn\u00a0\u00bb column_number=\u00a0\u00bb3&Prime;]<\/p>\n<p>&nbsp;<\/p>\n<\/div>\n<\/div>\n<\/div>\n<\/div>\n<div class=\"page\" style=\"text-align: justify;\" title=\"Page 5\">\n<div class=\"section\">\n<div class=\"layoutArea\">\n<div class=\"column\">\n<h3>NOUVELLES COULEURS PERSUS DESSINS SP\u00c9CIAUX<\/h3>\n<p style=\"text-align: justify;\">Il a \u00e9t\u00e9 d\u00e9cid\u00e9 d&rsquo;\u00e9tendre le nombre de couleurs disponibles pour le mod\u00e8le Persus Dessins Sp\u00e9ciaux. Par cons\u00e9quent, \u00e0 partir du pr\u00e9sent, il sera possible de commander le mod\u00e8le Persus Dessins Sp\u00e9ciaux \u00e9galement dans les couleurs RAL 7016 Gris et RAL 9006 Gris.<\/p>\n<p>&nbsp;<\/p>\n<p>[vc_gallery type=\u00a0\u00bbimage_grid\u00a0\u00bb images=\u00a0\u00bb11750,11781,11749&Prime; img_size=\u00a0\u00bbfull\u00a0\u00bb css_animation=\u00a0\u00bbbounceIn\u00a0\u00bb column_number=\u00a0\u00bb4&Prime;]<\/p>\n<p>&nbsp;<\/p>\n<\/div>\n<\/div>\n<\/div>\n<\/div>\n<div class=\"page\" title=\"Page 7\">\n<div class=\"section\">\n<div class=\"layoutArea\">\n<div class=\"column\">\n<h3 style=\"text-align: justify;\">ACCESSOIRES MERCHANDISING \u2013 PORTES SECTIONNELLES MINI DEMO<\/h3>\n<p style=\"text-align: justify;\">Pour faciliter la promotion des produits, il a \u00e9t\u00e9 \u00e9tudi\u00e9 pour le march\u00e9 r\u00e9sidentiel un nouveau mod\u00e8le de porte avec une structure autoportante. Cette structure a \u00e9t\u00e9 pens\u00e9 pour faciliter le transport et monter rapidement une porte \u00e0 l\u2019int\u00e9rieure du showroom, des centres commerciaux, des espaces publics, des stands d&rsquo;exposition, des march\u00e9s locaux, etc.<\/p>\n<div class=\"page\" title=\"Page 8\">\n<div class=\"section\">\n<div class=\"layoutArea\">\n<div class=\"column\">\n<p style=\"text-align: justify;\">La structure de support est en tubulaire d\u2019acier laqu\u00e9 RAL 7016 et est \u00e9quip\u00e9 d&rsquo;accouplements t\u00e9lescopiques pour permettre l\u2019assemblage et le d\u00e9sassemblage d\u2019un fa\u00e7on rapide et facile.<\/p>\n<p style=\"text-align: justify;\">La porte Mini Demo est disponible dans toutes les combinaisons de couleurs et de finitions des mod\u00e8les \u00e9quivalents Domus Line Sirio, Cupis et Persus avec refoulement SMB3. Ce mod\u00e8le peut \u00eatre \u00e9quip\u00e9 de moteurs SPY 550 ou SLB 650. L\u2019armoire de commande est fix\u00e9e \u00e0 bord de la structure. La poign\u00e9e fournie en standard n&rsquo;est pas amovible.<\/p>\n<p>&nbsp;<\/p>\n<p>[vc_gallery type=\u00a0\u00bbimage_grid\u00a0\u00bb images=\u00a0\u00bb21498,21497&Prime; img_size=\u00a0\u00bbfull\u00a0\u00bb css_animation=\u00a0\u00bbbounceIn\u00a0\u00bb column_number=\u00a0\u00bb2&Prime;]<\/p>\n<\/div>\n<\/div>\n<\/div>\n<\/div>\n<\/div>\n<\/div>\n<\/div>\n<\/div>\n","protected":false},"excerpt":{"rendered":"<p style=\"text-align: justify;\">Chez Breda, l&rsquo;ann\u00e9e 2018 commence par l&rsquo;innovation et l&rsquo;innovation technologique. Des solutions technologiquement avanc\u00e9es, d\u00e9velopp\u00e9es par l&rsquo;\u00e9quipe infatigable du service interne de Recherche &#038; D\u00e9veloppement, qui augmentent les performances des portes sectionnelles et leurs qualit\u00e9s indiscutables d&rsquo;efficacit\u00e9 et de s\u00e9curit\u00e9.\u00a0D\u00e9couvrons-les ensemble.<\/p>\n","protected":false},"author":8,"featured_media":27291,"comment_status":"open","ping_status":"open","sticky":false,"template":"","format":"standard","meta":{"_acf_changed":false,"_jetpack_memberships_contains_paid_content":false,"footnotes":""},"categories":[660],"tags":[784],"class_list":["post-27286","post","type-post","status-publish","format-standard","has-post-thumbnail","hentry","category-nouvelles","tag-produits"],"acf":[],"yoast_head":"<!-- This site is optimized with the Yoast SEO plugin v27.1.1 - https:\/\/yoast.com\/product\/yoast-seo-wordpress\/ -->\n<title>Portes Breda, toutes les nouvelles de 2018<\/title>\n<meta name=\"description\" content=\"Chez Breda, l&#039;ann\u00e9e 2018 commence par l&#039;innovation et l&#039;innovation technologique. Des solutions technologiquement avanc\u00e9es, d\u00e9velopp\u00e9es par l&#039;\u00e9quipe infatigable du service interne de Recherche &amp; D\u00e9veloppement, qui augmentent les performances des portes sectionnelles et leurs qualit\u00e9s indiscutables d&#039;efficacit\u00e9 et de s\u00e9curit\u00e9.\" \/>\n<meta name=\"robots\" content=\"index, follow, max-snippet:-1, max-image-preview:large, max-video-preview:-1\" \/>\n<link rel=\"canonical\" href=\"https:\/\/www.bredasys.com\/fr\/2018\/01\/portes-breda-toutes-les-nouvelles-de-2018.html\" \/>\n<meta property=\"og:locale\" content=\"fr_FR\" \/>\n<meta property=\"og:type\" content=\"article\" \/>\n<meta property=\"og:title\" content=\"Portes Breda, toutes les nouvelles de 2018\" \/>\n<meta property=\"og:description\" content=\"Chez Breda, l&#039;ann\u00e9e 2018 commence par l&#039;innovation et l&#039;innovation technologique. Des solutions technologiquement avanc\u00e9es, d\u00e9velopp\u00e9es par l&#039;\u00e9quipe infatigable du service interne de Recherche &amp; D\u00e9veloppement, qui augmentent les performances des portes sectionnelles et leurs qualit\u00e9s indiscutables d&#039;efficacit\u00e9 et de s\u00e9curit\u00e9.\" \/>\n<meta property=\"og:url\" content=\"https:\/\/www.bredasys.com\/fr\/2018\/01\/portes-breda-toutes-les-nouvelles-de-2018.html\" \/>\n<meta property=\"og:site_name\" content=\"Breda Sistemi Industriali S.p.A.\" \/>\n<meta property=\"article:publisher\" content=\"https:\/\/www.facebook.com\/BredaPortoni\/\" \/>\n<meta property=\"article:published_time\" content=\"2018-01-29T13:36:05+00:00\" \/>\n<meta property=\"article:modified_time\" content=\"2022-12-21T14:56:30+00:00\" \/>\n<meta property=\"og:image\" content=\"https:\/\/www.bredasys.com\/wp-content\/uploads\/2018\/01\/Nouvelles-portes-Breda-COP.jpg\" \/>\n\t<meta property=\"og:image:width\" content=\"1600\" \/>\n\t<meta property=\"og:image:height\" content=\"800\" \/>\n\t<meta property=\"og:image:type\" content=\"image\/jpeg\" \/>\n<meta name=\"author\" content=\"Redazione Web Breda\" \/>\n<meta name=\"twitter:card\" content=\"summary_large_image\" \/>\n<meta name=\"twitter:creator\" content=\"@BredaPortoni\" \/>\n<meta name=\"twitter:site\" content=\"@BredaPortoni\" \/>\n<meta name=\"twitter:label1\" content=\"\u00c9crit par\" \/>\n\t<meta name=\"twitter:data1\" content=\"Redazione Web Breda\" \/>\n\t<meta name=\"twitter:label2\" content=\"Dur\u00e9e de lecture estim\u00e9e\" \/>\n\t<meta name=\"twitter:data2\" content=\"4 minutes\" \/>\n<script type=\"application\/ld+json\" class=\"yoast-schema-graph\">{\"@context\":\"https:\/\/schema.org\",\"@graph\":[{\"@type\":\"Article\",\"@id\":\"https:\/\/www.bredasys.com\/fr\/2018\/01\/portes-breda-toutes-les-nouvelles-de-2018.html#article\",\"isPartOf\":{\"@id\":\"https:\/\/www.bredasys.com\/fr\/2018\/01\/portes-breda-toutes-les-nouvelles-de-2018.html\"},\"author\":{\"name\":\"Redazione Web Breda\",\"@id\":\"https:\/\/www.bredasys.com\/fr#\/schema\/person\/b3bf47179366b780119875b335751a49\"},\"headline\":\"Portes Breda, toutes les nouvelles de 2018\",\"datePublished\":\"2018-01-29T13:36:05+00:00\",\"dateModified\":\"2022-12-21T14:56:30+00:00\",\"mainEntityOfPage\":{\"@id\":\"https:\/\/www.bredasys.com\/fr\/2018\/01\/portes-breda-toutes-les-nouvelles-de-2018.html\"},\"wordCount\":783,\"commentCount\":0,\"publisher\":{\"@id\":\"https:\/\/www.bredasys.com\/fr#organization\"},\"image\":{\"@id\":\"https:\/\/www.bredasys.com\/fr\/2018\/01\/portes-breda-toutes-les-nouvelles-de-2018.html#primaryimage\"},\"thumbnailUrl\":\"https:\/\/www.bredasys.com\/wp-content\/uploads\/2018\/01\/Nouvelles-portes-Breda-COP.jpg\",\"keywords\":[\"Produits\"],\"articleSection\":[\"NEWS\"],\"inLanguage\":\"fr-FR\",\"potentialAction\":[{\"@type\":\"CommentAction\",\"name\":\"Comment\",\"target\":[\"https:\/\/www.bredasys.com\/fr\/2018\/01\/portes-breda-toutes-les-nouvelles-de-2018.html#respond\"]}]},{\"@type\":\"WebPage\",\"@id\":\"https:\/\/www.bredasys.com\/fr\/2018\/01\/portes-breda-toutes-les-nouvelles-de-2018.html\",\"url\":\"https:\/\/www.bredasys.com\/fr\/2018\/01\/portes-breda-toutes-les-nouvelles-de-2018.html\",\"name\":\"Portes Breda, toutes les nouvelles de 2018\",\"isPartOf\":{\"@id\":\"https:\/\/www.bredasys.com\/fr#website\"},\"primaryImageOfPage\":{\"@id\":\"https:\/\/www.bredasys.com\/fr\/2018\/01\/portes-breda-toutes-les-nouvelles-de-2018.html#primaryimage\"},\"image\":{\"@id\":\"https:\/\/www.bredasys.com\/fr\/2018\/01\/portes-breda-toutes-les-nouvelles-de-2018.html#primaryimage\"},\"thumbnailUrl\":\"https:\/\/www.bredasys.com\/wp-content\/uploads\/2018\/01\/Nouvelles-portes-Breda-COP.jpg\",\"datePublished\":\"2018-01-29T13:36:05+00:00\",\"dateModified\":\"2022-12-21T14:56:30+00:00\",\"description\":\"Chez Breda, l'ann\u00e9e 2018 commence par l'innovation et l'innovation technologique. Des solutions technologiquement avanc\u00e9es, d\u00e9velopp\u00e9es par l'\u00e9quipe infatigable du service interne de Recherche & D\u00e9veloppement, qui augmentent les performances des portes sectionnelles et leurs qualit\u00e9s indiscutables d'efficacit\u00e9 et de s\u00e9curit\u00e9.\",\"breadcrumb\":{\"@id\":\"https:\/\/www.bredasys.com\/fr\/2018\/01\/portes-breda-toutes-les-nouvelles-de-2018.html#breadcrumb\"},\"inLanguage\":\"fr-FR\",\"potentialAction\":[{\"@type\":\"ReadAction\",\"target\":[\"https:\/\/www.bredasys.com\/fr\/2018\/01\/portes-breda-toutes-les-nouvelles-de-2018.html\"]}]},{\"@type\":\"ImageObject\",\"inLanguage\":\"fr-FR\",\"@id\":\"https:\/\/www.bredasys.com\/fr\/2018\/01\/portes-breda-toutes-les-nouvelles-de-2018.html#primaryimage\",\"url\":\"https:\/\/www.bredasys.com\/wp-content\/uploads\/2018\/01\/Nouvelles-portes-Breda-COP.jpg\",\"contentUrl\":\"https:\/\/www.bredasys.com\/wp-content\/uploads\/2018\/01\/Nouvelles-portes-Breda-COP.jpg\",\"width\":1600,\"height\":800},{\"@type\":\"BreadcrumbList\",\"@id\":\"https:\/\/www.bredasys.com\/fr\/2018\/01\/portes-breda-toutes-les-nouvelles-de-2018.html#breadcrumb\",\"itemListElement\":[{\"@type\":\"ListItem\",\"position\":1,\"name\":\"Breda\",\"item\":\"https:\/\/www.bredasys.com\/fr\"},{\"@type\":\"ListItem\",\"position\":2,\"name\":\"Portes Breda, toutes les nouvelles de 2018\"}]},{\"@type\":\"WebSite\",\"@id\":\"https:\/\/www.bredasys.com\/fr#website\",\"url\":\"https:\/\/www.bredasys.com\/fr\",\"name\":\"Breda Sistemi Industriali S.p.A.\",\"description\":\"Porte da garage, portoni industriali\",\"publisher\":{\"@id\":\"https:\/\/www.bredasys.com\/fr#organization\"},\"potentialAction\":[{\"@type\":\"SearchAction\",\"target\":{\"@type\":\"EntryPoint\",\"urlTemplate\":\"https:\/\/www.bredasys.com\/fr?s={search_term_string}\"},\"query-input\":{\"@type\":\"PropertyValueSpecification\",\"valueRequired\":true,\"valueName\":\"search_term_string\"}}],\"inLanguage\":\"fr-FR\"},{\"@type\":\"Organization\",\"@id\":\"https:\/\/www.bredasys.com\/fr#organization\",\"name\":\"Breda Sistemi Industriali S.p.A.\",\"alternateName\":\"Breda Portoni\",\"url\":\"https:\/\/www.bredasys.com\/fr\",\"logo\":{\"@type\":\"ImageObject\",\"inLanguage\":\"fr-FR\",\"@id\":\"https:\/\/www.bredasys.com\/fr#\/schema\/logo\/image\/\",\"url\":\"https:\/\/www.bredasys.com\/wp-content\/uploads\/2024\/06\/Logo-Breda-01-quadrato-696.jpg\",\"contentUrl\":\"https:\/\/www.bredasys.com\/wp-content\/uploads\/2024\/06\/Logo-Breda-01-quadrato-696.jpg\",\"width\":696,\"height\":696,\"caption\":\"Breda Sistemi Industriali S.p.A.\"},\"image\":{\"@id\":\"https:\/\/www.bredasys.com\/fr#\/schema\/logo\/image\/\"},\"sameAs\":[\"https:\/\/www.facebook.com\/BredaPortoni\/\",\"https:\/\/x.com\/BredaPortoni\",\"https:\/\/www.linkedin.com\/company\/breda-sistemi-industriali\/\"]},{\"@type\":\"Person\",\"@id\":\"https:\/\/www.bredasys.com\/fr#\/schema\/person\/b3bf47179366b780119875b335751a49\",\"name\":\"Redazione Web Breda\",\"image\":{\"@type\":\"ImageObject\",\"inLanguage\":\"fr-FR\",\"@id\":\"https:\/\/www.bredasys.com\/fr#\/schema\/person\/image\/\",\"url\":\"https:\/\/secure.gravatar.com\/avatar\/a20639befd27fcd4433bb150f98a538941e8f177cc0734737ffadd6120dc04d4?s=96&d=mm&r=g\",\"contentUrl\":\"https:\/\/secure.gravatar.com\/avatar\/a20639befd27fcd4433bb150f98a538941e8f177cc0734737ffadd6120dc04d4?s=96&d=mm&r=g\",\"caption\":\"Redazione Web Breda\"}}]}<\/script>\n<!-- \/ Yoast SEO plugin. -->","yoast_head_json":{"title":"Portes Breda, toutes les nouvelles de 2018","description":"Chez Breda, l'ann\u00e9e 2018 commence par l'innovation et l'innovation technologique. Des solutions technologiquement avanc\u00e9es, d\u00e9velopp\u00e9es par l'\u00e9quipe infatigable du service interne de Recherche & D\u00e9veloppement, qui augmentent les performances des portes sectionnelles et leurs qualit\u00e9s indiscutables d'efficacit\u00e9 et de s\u00e9curit\u00e9.","robots":{"index":"index","follow":"follow","max-snippet":"max-snippet:-1","max-image-preview":"max-image-preview:large","max-video-preview":"max-video-preview:-1"},"canonical":"https:\/\/www.bredasys.com\/fr\/2018\/01\/portes-breda-toutes-les-nouvelles-de-2018.html","og_locale":"fr_FR","og_type":"article","og_title":"Portes Breda, toutes les nouvelles de 2018","og_description":"Chez Breda, l'ann\u00e9e 2018 commence par l'innovation et l'innovation technologique. Des solutions technologiquement avanc\u00e9es, d\u00e9velopp\u00e9es par l'\u00e9quipe infatigable du service interne de Recherche & D\u00e9veloppement, qui augmentent les performances des portes sectionnelles et leurs qualit\u00e9s indiscutables d'efficacit\u00e9 et de s\u00e9curit\u00e9.","og_url":"https:\/\/www.bredasys.com\/fr\/2018\/01\/portes-breda-toutes-les-nouvelles-de-2018.html","og_site_name":"Breda Sistemi Industriali S.p.A.","article_publisher":"https:\/\/www.facebook.com\/BredaPortoni\/","article_published_time":"2018-01-29T13:36:05+00:00","article_modified_time":"2022-12-21T14:56:30+00:00","og_image":[{"width":1600,"height":800,"url":"https:\/\/www.bredasys.com\/wp-content\/uploads\/2018\/01\/Nouvelles-portes-Breda-COP.jpg","type":"image\/jpeg"}],"author":"Redazione Web Breda","twitter_card":"summary_large_image","twitter_creator":"@BredaPortoni","twitter_site":"@BredaPortoni","twitter_misc":{"\u00c9crit par":"Redazione Web Breda","Dur\u00e9e de lecture estim\u00e9e":"4 minutes"},"schema":{"@context":"https:\/\/schema.org","@graph":[{"@type":"Article","@id":"https:\/\/www.bredasys.com\/fr\/2018\/01\/portes-breda-toutes-les-nouvelles-de-2018.html#article","isPartOf":{"@id":"https:\/\/www.bredasys.com\/fr\/2018\/01\/portes-breda-toutes-les-nouvelles-de-2018.html"},"author":{"name":"Redazione Web Breda","@id":"https:\/\/www.bredasys.com\/fr#\/schema\/person\/b3bf47179366b780119875b335751a49"},"headline":"Portes Breda, toutes les nouvelles de 2018","datePublished":"2018-01-29T13:36:05+00:00","dateModified":"2022-12-21T14:56:30+00:00","mainEntityOfPage":{"@id":"https:\/\/www.bredasys.com\/fr\/2018\/01\/portes-breda-toutes-les-nouvelles-de-2018.html"},"wordCount":783,"commentCount":0,"publisher":{"@id":"https:\/\/www.bredasys.com\/fr#organization"},"image":{"@id":"https:\/\/www.bredasys.com\/fr\/2018\/01\/portes-breda-toutes-les-nouvelles-de-2018.html#primaryimage"},"thumbnailUrl":"https:\/\/www.bredasys.com\/wp-content\/uploads\/2018\/01\/Nouvelles-portes-Breda-COP.jpg","keywords":["Produits"],"articleSection":["NEWS"],"inLanguage":"fr-FR","potentialAction":[{"@type":"CommentAction","name":"Comment","target":["https:\/\/www.bredasys.com\/fr\/2018\/01\/portes-breda-toutes-les-nouvelles-de-2018.html#respond"]}]},{"@type":"WebPage","@id":"https:\/\/www.bredasys.com\/fr\/2018\/01\/portes-breda-toutes-les-nouvelles-de-2018.html","url":"https:\/\/www.bredasys.com\/fr\/2018\/01\/portes-breda-toutes-les-nouvelles-de-2018.html","name":"Portes Breda, toutes les nouvelles de 2018","isPartOf":{"@id":"https:\/\/www.bredasys.com\/fr#website"},"primaryImageOfPage":{"@id":"https:\/\/www.bredasys.com\/fr\/2018\/01\/portes-breda-toutes-les-nouvelles-de-2018.html#primaryimage"},"image":{"@id":"https:\/\/www.bredasys.com\/fr\/2018\/01\/portes-breda-toutes-les-nouvelles-de-2018.html#primaryimage"},"thumbnailUrl":"https:\/\/www.bredasys.com\/wp-content\/uploads\/2018\/01\/Nouvelles-portes-Breda-COP.jpg","datePublished":"2018-01-29T13:36:05+00:00","dateModified":"2022-12-21T14:56:30+00:00","description":"Chez Breda, l'ann\u00e9e 2018 commence par l'innovation et l'innovation technologique. Des solutions technologiquement avanc\u00e9es, d\u00e9velopp\u00e9es par l'\u00e9quipe infatigable du service interne de Recherche & D\u00e9veloppement, qui augmentent les performances des portes sectionnelles et leurs qualit\u00e9s indiscutables d'efficacit\u00e9 et de s\u00e9curit\u00e9.","breadcrumb":{"@id":"https:\/\/www.bredasys.com\/fr\/2018\/01\/portes-breda-toutes-les-nouvelles-de-2018.html#breadcrumb"},"inLanguage":"fr-FR","potentialAction":[{"@type":"ReadAction","target":["https:\/\/www.bredasys.com\/fr\/2018\/01\/portes-breda-toutes-les-nouvelles-de-2018.html"]}]},{"@type":"ImageObject","inLanguage":"fr-FR","@id":"https:\/\/www.bredasys.com\/fr\/2018\/01\/portes-breda-toutes-les-nouvelles-de-2018.html#primaryimage","url":"https:\/\/www.bredasys.com\/wp-content\/uploads\/2018\/01\/Nouvelles-portes-Breda-COP.jpg","contentUrl":"https:\/\/www.bredasys.com\/wp-content\/uploads\/2018\/01\/Nouvelles-portes-Breda-COP.jpg","width":1600,"height":800},{"@type":"BreadcrumbList","@id":"https:\/\/www.bredasys.com\/fr\/2018\/01\/portes-breda-toutes-les-nouvelles-de-2018.html#breadcrumb","itemListElement":[{"@type":"ListItem","position":1,"name":"Breda","item":"https:\/\/www.bredasys.com\/fr"},{"@type":"ListItem","position":2,"name":"Portes Breda, toutes les nouvelles de 2018"}]},{"@type":"WebSite","@id":"https:\/\/www.bredasys.com\/fr#website","url":"https:\/\/www.bredasys.com\/fr","name":"Breda Sistemi Industriali S.p.A.","description":"Porte da garage, portoni industriali","publisher":{"@id":"https:\/\/www.bredasys.com\/fr#organization"},"potentialAction":[{"@type":"SearchAction","target":{"@type":"EntryPoint","urlTemplate":"https:\/\/www.bredasys.com\/fr?s={search_term_string}"},"query-input":{"@type":"PropertyValueSpecification","valueRequired":true,"valueName":"search_term_string"}}],"inLanguage":"fr-FR"},{"@type":"Organization","@id":"https:\/\/www.bredasys.com\/fr#organization","name":"Breda Sistemi Industriali S.p.A.","alternateName":"Breda Portoni","url":"https:\/\/www.bredasys.com\/fr","logo":{"@type":"ImageObject","inLanguage":"fr-FR","@id":"https:\/\/www.bredasys.com\/fr#\/schema\/logo\/image\/","url":"https:\/\/www.bredasys.com\/wp-content\/uploads\/2024\/06\/Logo-Breda-01-quadrato-696.jpg","contentUrl":"https:\/\/www.bredasys.com\/wp-content\/uploads\/2024\/06\/Logo-Breda-01-quadrato-696.jpg","width":696,"height":696,"caption":"Breda Sistemi Industriali S.p.A."},"image":{"@id":"https:\/\/www.bredasys.com\/fr#\/schema\/logo\/image\/"},"sameAs":["https:\/\/www.facebook.com\/BredaPortoni\/","https:\/\/x.com\/BredaPortoni","https:\/\/www.linkedin.com\/company\/breda-sistemi-industriali\/"]},{"@type":"Person","@id":"https:\/\/www.bredasys.com\/fr#\/schema\/person\/b3bf47179366b780119875b335751a49","name":"Redazione Web Breda","image":{"@type":"ImageObject","inLanguage":"fr-FR","@id":"https:\/\/www.bredasys.com\/fr#\/schema\/person\/image\/","url":"https:\/\/secure.gravatar.com\/avatar\/a20639befd27fcd4433bb150f98a538941e8f177cc0734737ffadd6120dc04d4?s=96&d=mm&r=g","contentUrl":"https:\/\/secure.gravatar.com\/avatar\/a20639befd27fcd4433bb150f98a538941e8f177cc0734737ffadd6120dc04d4?s=96&d=mm&r=g","caption":"Redazione Web Breda"}}]}},"jetpack_featured_media_url":"https:\/\/www.bredasys.com\/wp-content\/uploads\/2018\/01\/Nouvelles-portes-Breda-COP.jpg","jetpack_sharing_enabled":true,"_links":{"self":[{"href":"https:\/\/www.bredasys.com\/fr\/wp-json\/wp\/v2\/posts\/27286","targetHints":{"allow":["GET"]}}],"collection":[{"href":"https:\/\/www.bredasys.com\/fr\/wp-json\/wp\/v2\/posts"}],"about":[{"href":"https:\/\/www.bredasys.com\/fr\/wp-json\/wp\/v2\/types\/post"}],"author":[{"embeddable":true,"href":"https:\/\/www.bredasys.com\/fr\/wp-json\/wp\/v2\/users\/8"}],"replies":[{"embeddable":true,"href":"https:\/\/www.bredasys.com\/fr\/wp-json\/wp\/v2\/comments?post=27286"}],"version-history":[{"count":0,"href":"https:\/\/www.bredasys.com\/fr\/wp-json\/wp\/v2\/posts\/27286\/revisions"}],"wp:featuredmedia":[{"embeddable":true,"href":"https:\/\/www.bredasys.com\/fr\/wp-json\/wp\/v2\/media\/27291"}],"wp:attachment":[{"href":"https:\/\/www.bredasys.com\/fr\/wp-json\/wp\/v2\/media?parent=27286"}],"wp:term":[{"taxonomy":"category","embeddable":true,"href":"https:\/\/www.bredasys.com\/fr\/wp-json\/wp\/v2\/categories?post=27286"},{"taxonomy":"post_tag","embeddable":true,"href":"https:\/\/www.bredasys.com\/fr\/wp-json\/wp\/v2\/tags?post=27286"}],"curies":[{"name":"wp","href":"https:\/\/api.w.org\/{rel}","templated":true}]}}