{"id":37584,"date":"2019-11-20T14:03:01","date_gmt":"2019-11-20T13:03:01","guid":{"rendered":"http:\/\/bredasys.com\/2019\/11\/neue-ausfuehrungen-und-neue-zubehoerteile-fuer-ein-einzigartiges-tor.html"},"modified":"2022-12-21T15:47:15","modified_gmt":"2022-12-21T14:47:15","slug":"neue-ausfuehrungen-und-neue-zubehoerteile-fuer-ein-einzigartiges-tor","status":"publish","type":"post","link":"https:\/\/www.bredasys.com\/de\/2019\/11\/neue-ausfuehrungen-und-neue-zubehoerteile-fuer-ein-einzigartiges-tor.html","title":{"rendered":"Neue Ausf\u00fchrungen und neue Zubeh\u00f6rteile f\u00fcr ein einzigartiges Tor"},"content":{"rendered":"<h2><img fetchpriority=\"high\" decoding=\"async\" class=\"alignnone size-full wp-image-36167\" src=\"http:\/\/bredasys.com\/wp-content\/uploads\/2019\/10\/Iridescenti-Scotch-Brite-portoni-Alu-Line-Breda-1.jpg\" alt=\"Iridescenti - Scotch Brite portoni Alu Line Breda\" width=\"1600\" height=\"800\" srcset=\"https:\/\/www.bredasys.com\/wp-content\/uploads\/2019\/10\/Iridescenti-Scotch-Brite-portoni-Alu-Line-Breda-1.jpg 1600w, https:\/\/www.bredasys.com\/wp-content\/uploads\/2019\/10\/Iridescenti-Scotch-Brite-portoni-Alu-Line-Breda-1-300x150.jpg 300w, https:\/\/www.bredasys.com\/wp-content\/uploads\/2019\/10\/Iridescenti-Scotch-Brite-portoni-Alu-Line-Breda-1-768x384.jpg 768w, https:\/\/www.bredasys.com\/wp-content\/uploads\/2019\/10\/Iridescenti-Scotch-Brite-portoni-Alu-Line-Breda-1-1024x512.jpg 1024w\" sizes=\"(max-width: 1600px) 100vw, 1600px\" \/><\/h2>\n<p style=\"text-align: justify;\">Die Ausf\u00fchrungen und Zubeh\u00f6rteile sind die gro\u00dfen Protagonisten der neuen Sektionaltore Sammlungen von Breda, die f\u00fcr 2020 eine au\u00dfergew\u00f6hnliche Auswahl an Farben und Materialien bieten, um ein noch hochwertigeres Garagentor zu w\u00e4hlen.<br \/>\nEntscheidungen, die aus der Forschungs- und Entwicklungsabteilung von Breda stammen und bereit sind, den innovativsten Geschmack der Kunden zu erobern.<\/p>\n<h2>Die neuen Alufarben. Acht Wunder f\u00fcr das \u00c4u\u00dfere Ihres Hauses<\/h2>\n<p style=\"text-align: justify;\">Die Palette der Alu Line gewidmeten Ausf\u00fchrungen erweitert sich mit einer Reihe absoluter Trends, die bereit sind, die raffiniertesten Gaumen zu erobern.<br \/>\nTats\u00e4chlich k\u00f6nnen Lux-, Luxor- und Full Vision-Tore ab heute mit acht neuen Farben mit einer einzigartigen Ausf\u00fchrung versehen werden, die der T\u00fcr noch mehr Helligkeit und Brillanz verleiht.<\/p>\n<h3>OXYDIERT SCOTCH BRITE<\/h3>\n<h2><img decoding=\"async\" class=\"alignnone size-full wp-image-36964\" src=\"http:\/\/bredasys.com\/wp-content\/uploads\/2019\/11\/Portone-sezionale-vetrato-FULL-VISION-Scotch-Brite-Black.jpg\" alt=\"\" width=\"1600\" height=\"1200\" srcset=\"https:\/\/www.bredasys.com\/wp-content\/uploads\/2019\/11\/Portone-sezionale-vetrato-FULL-VISION-Scotch-Brite-Black.jpg 1600w, https:\/\/www.bredasys.com\/wp-content\/uploads\/2019\/11\/Portone-sezionale-vetrato-FULL-VISION-Scotch-Brite-Black-300x225.jpg 300w, https:\/\/www.bredasys.com\/wp-content\/uploads\/2019\/11\/Portone-sezionale-vetrato-FULL-VISION-Scotch-Brite-Black-768x576.jpg 768w, https:\/\/www.bredasys.com\/wp-content\/uploads\/2019\/11\/Portone-sezionale-vetrato-FULL-VISION-Scotch-Brite-Black-1024x768.jpg 1024w\" sizes=\"(max-width: 1600px) 100vw, 1600px\" \/><\/h2>\n<p style=\"text-align: justify;\">Die Farben der Scotch Brite reichen von Silber \u00fcber Grau bis zu Braun und Schwarz und sind klassisch und zeitlos. Der &#8222;geb\u00fcrstete&#8220; Effekt des Finishs wird durch den Aluminiumoxidationsprozess erzielt, der einer Behandlung mit speziellen Schleifb\u00fcrsten unterzogen wird. Elegant und raffiniert, zum Sehen und Anfassen.<\/p>\n<p><img decoding=\"async\" class=\"wp-image-56294\" src=\"\/wp-content\/uploads\/2022\/03\/Ossidato-Naturale_scotch-brite-silver-300x300.webp\" alt=\"\" width=\"200\" height=\"200\" srcset=\"https:\/\/www.bredasys.com\/wp-content\/uploads\/2022\/03\/Ossidato-Naturale_scotch-brite-silver-300x300.webp 300w, https:\/\/www.bredasys.com\/wp-content\/uploads\/2022\/03\/Ossidato-Naturale_scotch-brite-silver-1024x1024.webp 1024w, https:\/\/www.bredasys.com\/wp-content\/uploads\/2022\/03\/Ossidato-Naturale_scotch-brite-silver-150x150.webp 150w, https:\/\/www.bredasys.com\/wp-content\/uploads\/2022\/03\/Ossidato-Naturale_scotch-brite-silver-768x768.webp 768w, https:\/\/www.bredasys.com\/wp-content\/uploads\/2022\/03\/Ossidato-Naturale_scotch-brite-silver.webp 1097w\" sizes=\"(max-width: 200px) 100vw, 200px\" \/>\u00a0<img loading=\"lazy\" decoding=\"async\" class=\"wp-image-56290\" src=\"\/wp-content\/uploads\/2022\/03\/Ossidato-Naturale_scotch-brite-grey-300x300.webp\" alt=\"\" width=\"200\" height=\"200\" srcset=\"https:\/\/www.bredasys.com\/wp-content\/uploads\/2022\/03\/Ossidato-Naturale_scotch-brite-grey-300x300.webp 300w, https:\/\/www.bredasys.com\/wp-content\/uploads\/2022\/03\/Ossidato-Naturale_scotch-brite-grey-1024x1024.webp 1024w, https:\/\/www.bredasys.com\/wp-content\/uploads\/2022\/03\/Ossidato-Naturale_scotch-brite-grey-150x150.webp 150w, https:\/\/www.bredasys.com\/wp-content\/uploads\/2022\/03\/Ossidato-Naturale_scotch-brite-grey-768x768.webp 768w, https:\/\/www.bredasys.com\/wp-content\/uploads\/2022\/03\/Ossidato-Naturale_scotch-brite-grey.webp 1097w\" sizes=\"(max-width: 200px) 100vw, 200px\" \/>\u00a0<img loading=\"lazy\" decoding=\"async\" class=\"wp-image-56286\" src=\"\/wp-content\/uploads\/2022\/03\/Ossidato-Naturale_scotch-brite-brown-300x300.webp\" alt=\"\" width=\"200\" height=\"200\" srcset=\"https:\/\/www.bredasys.com\/wp-content\/uploads\/2022\/03\/Ossidato-Naturale_scotch-brite-brown-300x300.webp 300w, https:\/\/www.bredasys.com\/wp-content\/uploads\/2022\/03\/Ossidato-Naturale_scotch-brite-brown-1024x1024.webp 1024w, https:\/\/www.bredasys.com\/wp-content\/uploads\/2022\/03\/Ossidato-Naturale_scotch-brite-brown-150x150.webp 150w, https:\/\/www.bredasys.com\/wp-content\/uploads\/2022\/03\/Ossidato-Naturale_scotch-brite-brown-768x768.webp 768w, https:\/\/www.bredasys.com\/wp-content\/uploads\/2022\/03\/Ossidato-Naturale_scotch-brite-brown.webp 1097w\" sizes=\"(max-width: 200px) 100vw, 200px\" \/>\u00a0<img loading=\"lazy\" decoding=\"async\" class=\"wp-image-56282\" src=\"\/wp-content\/uploads\/2022\/03\/Ossidato-Naturale_scotch-brite-black-300x300.webp\" alt=\"\" width=\"200\" height=\"200\" srcset=\"https:\/\/www.bredasys.com\/wp-content\/uploads\/2022\/03\/Ossidato-Naturale_scotch-brite-black-300x300.webp 300w, https:\/\/www.bredasys.com\/wp-content\/uploads\/2022\/03\/Ossidato-Naturale_scotch-brite-black-1024x1024.webp 1024w, https:\/\/www.bredasys.com\/wp-content\/uploads\/2022\/03\/Ossidato-Naturale_scotch-brite-black-150x150.webp 150w, https:\/\/www.bredasys.com\/wp-content\/uploads\/2022\/03\/Ossidato-Naturale_scotch-brite-black-768x768.webp 768w, https:\/\/www.bredasys.com\/wp-content\/uploads\/2022\/03\/Ossidato-Naturale_scotch-brite-black.webp 1097w\" sizes=\"(max-width: 200px) 100vw, 200px\" \/><\/p>\n<h3>OPALSCHEIBE<\/h3>\n<h2><img loading=\"lazy\" decoding=\"async\" class=\"alignnone size-full wp-image-36968\" src=\"http:\/\/bredasys.com\/wp-content\/uploads\/2019\/11\/Portone-sezionale-vetrato-FULL-VISION-Iridescente-Viola-Cangiante.jpg\" alt=\"\" width=\"1600\" height=\"1200\" srcset=\"https:\/\/www.bredasys.com\/wp-content\/uploads\/2019\/11\/Portone-sezionale-vetrato-FULL-VISION-Iridescente-Viola-Cangiante.jpg 1600w, https:\/\/www.bredasys.com\/wp-content\/uploads\/2019\/11\/Portone-sezionale-vetrato-FULL-VISION-Iridescente-Viola-Cangiante-300x225.jpg 300w, https:\/\/www.bredasys.com\/wp-content\/uploads\/2019\/11\/Portone-sezionale-vetrato-FULL-VISION-Iridescente-Viola-Cangiante-768x576.jpg 768w, https:\/\/www.bredasys.com\/wp-content\/uploads\/2019\/11\/Portone-sezionale-vetrato-FULL-VISION-Iridescente-Viola-Cangiante-1024x768.jpg 1024w\" sizes=\"(max-width: 1600px) 100vw, 1600px\" \/><\/h2>\n<p style=\"text-align: justify;\">Schillerndes Lila, Rosa Kupfer und Perlblau sind die neuen schillernden Farben von Breda. Irisierende Farben, die mit ihren Reflexionen Lichtspiele erzeugen, die immer anders und originell sind.<br \/>\nEbenfalls erh\u00e4ltlich ist die neue rostiges Eisen Ausf\u00fchrung.<\/p>\n<p><img loading=\"lazy\" decoding=\"async\" class=\"wp-image-56310\" src=\"\/wp-content\/uploads\/2022\/03\/Iridescenti_Viola-Cangiante-150x150.webp\" alt=\"\" width=\"200\" height=\"200\" srcset=\"https:\/\/www.bredasys.com\/wp-content\/uploads\/2022\/03\/Iridescenti_Viola-Cangiante-150x150.webp 150w, https:\/\/www.bredasys.com\/wp-content\/uploads\/2022\/03\/Iridescenti_Viola-Cangiante-300x300.webp 300w, https:\/\/www.bredasys.com\/wp-content\/uploads\/2022\/03\/Iridescenti_Viola-Cangiante-1024x1024.webp 1024w, https:\/\/www.bredasys.com\/wp-content\/uploads\/2022\/03\/Iridescenti_Viola-Cangiante-768x768.webp 768w, https:\/\/www.bredasys.com\/wp-content\/uploads\/2022\/03\/Iridescenti_Viola-Cangiante.webp 1097w\" sizes=\"(max-width: 200px) 100vw, 200px\" \/>\u00a0<img loading=\"lazy\" decoding=\"async\" class=\"wp-image-56306\" src=\"\/wp-content\/uploads\/2022\/03\/Iridescenti_Rosa-Rame-300x300.webp\" alt=\"\" width=\"200\" height=\"200\" srcset=\"https:\/\/www.bredasys.com\/wp-content\/uploads\/2022\/03\/Iridescenti_Rosa-Rame-300x300.webp 300w, https:\/\/www.bredasys.com\/wp-content\/uploads\/2022\/03\/Iridescenti_Rosa-Rame-1024x1024.webp 1024w, https:\/\/www.bredasys.com\/wp-content\/uploads\/2022\/03\/Iridescenti_Rosa-Rame-150x150.webp 150w, https:\/\/www.bredasys.com\/wp-content\/uploads\/2022\/03\/Iridescenti_Rosa-Rame-768x768.webp 768w, https:\/\/www.bredasys.com\/wp-content\/uploads\/2022\/03\/Iridescenti_Rosa-Rame.webp 1097w\" sizes=\"(max-width: 200px) 100vw, 200px\" \/>\u00a0<img loading=\"lazy\" decoding=\"async\" class=\"wp-image-56298\" src=\"\/wp-content\/uploads\/2022\/03\/Iridescenti_Azzurro-Perlato-300x300.webp\" alt=\"\" width=\"200\" height=\"200\" srcset=\"https:\/\/www.bredasys.com\/wp-content\/uploads\/2022\/03\/Iridescenti_Azzurro-Perlato-300x300.webp 300w, https:\/\/www.bredasys.com\/wp-content\/uploads\/2022\/03\/Iridescenti_Azzurro-Perlato-1024x1024.webp 1024w, https:\/\/www.bredasys.com\/wp-content\/uploads\/2022\/03\/Iridescenti_Azzurro-Perlato-150x150.webp 150w, https:\/\/www.bredasys.com\/wp-content\/uploads\/2022\/03\/Iridescenti_Azzurro-Perlato-768x768.webp 768w, https:\/\/www.bredasys.com\/wp-content\/uploads\/2022\/03\/Iridescenti_Azzurro-Perlato.webp 1097w\" sizes=\"(max-width: 200px) 100vw, 200px\" \/>\u00a0<img loading=\"lazy\" decoding=\"async\" class=\"wp-image-56302\" src=\"\/wp-content\/uploads\/2022\/03\/Iridescenti_Ferro-arrugginito-300x300.webp\" alt=\"\" width=\"200\" height=\"200\" srcset=\"https:\/\/www.bredasys.com\/wp-content\/uploads\/2022\/03\/Iridescenti_Ferro-arrugginito-300x300.webp 300w, https:\/\/www.bredasys.com\/wp-content\/uploads\/2022\/03\/Iridescenti_Ferro-arrugginito-1024x1024.webp 1024w, https:\/\/www.bredasys.com\/wp-content\/uploads\/2022\/03\/Iridescenti_Ferro-arrugginito-150x150.webp 150w, https:\/\/www.bredasys.com\/wp-content\/uploads\/2022\/03\/Iridescenti_Ferro-arrugginito-768x768.webp 768w, https:\/\/www.bredasys.com\/wp-content\/uploads\/2022\/03\/Iridescenti_Ferro-arrugginito.webp 1097w\" sizes=\"(max-width: 200px) 100vw, 200px\" \/><\/p>\n<h2>Emotional Light. Ein weiches und elegantes Licht beleuchtet Ihr Tor<\/h2>\n<p style=\"text-align: justify;\">Um den Zugang zu Ihrer Garage auf elegante und unverwechselbare Weise zu erleichtern, hat die Forschungs- und Entwicklungsabteilung von Breda eine innovative und hochgradig anpassbare L\u00f6sung entwickelt.<br \/>\nEmotionales Licht ist die Beleuchtung, die aus farbigen LED-B\u00e4ndern besteht, die in ein spezielles Perimetergummi integriert sind und es erm\u00f6glichen, den Au\u00dfenbereich des Sektionaltors auf gro\u00dfz\u00fcgige und suggestive Weise zu beleuchten.<\/p>\n<h2><img loading=\"lazy\" decoding=\"async\" class=\"alignnone size-full wp-image-36391\" src=\"http:\/\/bredasys.com\/wp-content\/uploads\/2019\/11\/Emtional-Ligh-Luci-a-LED-Breda-Rosa-01-1200.jpg\" alt=\"\" width=\"1600\" height=\"1200\" srcset=\"https:\/\/www.bredasys.com\/wp-content\/uploads\/2019\/11\/Emtional-Ligh-Luci-a-LED-Breda-Rosa-01-1200.jpg 1600w, https:\/\/www.bredasys.com\/wp-content\/uploads\/2019\/11\/Emtional-Ligh-Luci-a-LED-Breda-Rosa-01-1200-300x225.jpg 300w, https:\/\/www.bredasys.com\/wp-content\/uploads\/2019\/11\/Emtional-Ligh-Luci-a-LED-Breda-Rosa-01-1200-768x576.jpg 768w, https:\/\/www.bredasys.com\/wp-content\/uploads\/2019\/11\/Emtional-Ligh-Luci-a-LED-Breda-Rosa-01-1200-1024x768.jpg 1024w\" sizes=\"(max-width: 1600px) 100vw, 1600px\" \/><\/h2>\n<p><img loading=\"lazy\" decoding=\"async\" class=\"alignnone wp-image-36373\" src=\"\/wp-content\/uploads\/2019\/11\/IMG_2667-min-300x200.jpg\" alt=\"Emotional Light Breda - Led Rosso\" width=\"185\" height=\"123\" srcset=\"https:\/\/www.bredasys.com\/wp-content\/uploads\/2019\/11\/IMG_2667-min-300x200.jpg 300w, https:\/\/www.bredasys.com\/wp-content\/uploads\/2019\/11\/IMG_2667-min-768x512.jpg 768w, https:\/\/www.bredasys.com\/wp-content\/uploads\/2019\/11\/IMG_2667-min-1024x683.jpg 1024w, https:\/\/www.bredasys.com\/wp-content\/uploads\/2019\/11\/IMG_2667-min.jpg 1600w\" sizes=\"(max-width: 185px) 100vw, 185px\" \/> <img loading=\"lazy\" decoding=\"async\" class=\"alignnone wp-image-36369\" src=\"\/wp-content\/uploads\/2019\/11\/IMG_2666-min-300x200.jpg\" alt=\"Emotional Light Breda - Led Verde\" width=\"185\" height=\"123\" srcset=\"https:\/\/www.bredasys.com\/wp-content\/uploads\/2019\/11\/IMG_2666-min-300x200.jpg 300w, https:\/\/www.bredasys.com\/wp-content\/uploads\/2019\/11\/IMG_2666-min-768x512.jpg 768w, https:\/\/www.bredasys.com\/wp-content\/uploads\/2019\/11\/IMG_2666-min-1024x683.jpg 1024w, https:\/\/www.bredasys.com\/wp-content\/uploads\/2019\/11\/IMG_2666-min.jpg 1600w\" sizes=\"(max-width: 185px) 100vw, 185px\" \/> <img loading=\"lazy\" decoding=\"async\" class=\"alignnone wp-image-36365\" src=\"\/wp-content\/uploads\/2019\/11\/IMG_2665-min-300x200.jpg\" alt=\"Emotional Light Breda - Led Giallo\" width=\"185\" height=\"123\" srcset=\"https:\/\/www.bredasys.com\/wp-content\/uploads\/2019\/11\/IMG_2665-min-300x200.jpg 300w, https:\/\/www.bredasys.com\/wp-content\/uploads\/2019\/11\/IMG_2665-min-768x512.jpg 768w, https:\/\/www.bredasys.com\/wp-content\/uploads\/2019\/11\/IMG_2665-min-1024x683.jpg 1024w, https:\/\/www.bredasys.com\/wp-content\/uploads\/2019\/11\/IMG_2665-min.jpg 1600w\" sizes=\"(max-width: 185px) 100vw, 185px\" \/> <img loading=\"lazy\" decoding=\"async\" class=\"alignnone wp-image-36361\" src=\"\/wp-content\/uploads\/2019\/11\/IMG_2664-min-300x200.jpg\" alt=\"Emotional Light Breda - Led Viola\" width=\"185\" height=\"123\" srcset=\"https:\/\/www.bredasys.com\/wp-content\/uploads\/2019\/11\/IMG_2664-min-300x200.jpg 300w, https:\/\/www.bredasys.com\/wp-content\/uploads\/2019\/11\/IMG_2664-min-768x512.jpg 768w, https:\/\/www.bredasys.com\/wp-content\/uploads\/2019\/11\/IMG_2664-min-1024x683.jpg 1024w, https:\/\/www.bredasys.com\/wp-content\/uploads\/2019\/11\/IMG_2664-min.jpg 1600w\" sizes=\"(max-width: 185px) 100vw, 185px\" \/> <img loading=\"lazy\" decoding=\"async\" class=\"alignnone wp-image-36357\" src=\"\/wp-content\/uploads\/2019\/11\/IMG_2663-min-300x200.jpg\" alt=\"Emotional Light Breda - Led Blu\" width=\"185\" height=\"123\" srcset=\"https:\/\/www.bredasys.com\/wp-content\/uploads\/2019\/11\/IMG_2663-min-300x200.jpg 300w, https:\/\/www.bredasys.com\/wp-content\/uploads\/2019\/11\/IMG_2663-min-768x512.jpg 768w, https:\/\/www.bredasys.com\/wp-content\/uploads\/2019\/11\/IMG_2663-min-1024x683.jpg 1024w, https:\/\/www.bredasys.com\/wp-content\/uploads\/2019\/11\/IMG_2663-min.jpg 1600w\" sizes=\"(max-width: 185px) 100vw, 185px\" \/><\/p>\n<p style=\"text-align: justify;\">Die LEDs sind in Intensit\u00e4t und Farbe einstellbar und k\u00f6nnen entlang des gesamten Umfangs des Verschlusses oder nur an der oberen Leiste oder an den Seitenb\u00e4ndern angebracht werden, um auch nachts den f\u00fcr den Durchgang von Autos verf\u00fcgbaren Raum hervorzuheben.<\/p>\n<p style=\"text-align: justify;\">Nicht nur die \u00c4sthetik, sondern auch die Effizienz, das Emotional Light auch die Funktion des Blinklichts beim \u00d6ffnen oder Schlie\u00dfen des Tores \u00fcbernimmt. Zum zeitgesteuerten Einschalten ist auch eine Integration mit Uhr, D\u00e4mmerungssensor oder Uhrwerk erh\u00e4ltlich.<\/p>\n<p><img loading=\"lazy\" decoding=\"async\" class=\"alignnone wp-image-36315\" src=\"\/wp-content\/uploads\/2019\/11\/loghi_led_lampeggiante-min-300x300.jpg\" alt=\"\" width=\"160\" height=\"160\" srcset=\"https:\/\/www.bredasys.com\/wp-content\/uploads\/2019\/11\/loghi_led_lampeggiante-min-300x300.jpg 300w, https:\/\/www.bredasys.com\/wp-content\/uploads\/2019\/11\/loghi_led_lampeggiante-min-150x150.jpg 150w, https:\/\/www.bredasys.com\/wp-content\/uploads\/2019\/11\/loghi_led_lampeggiante-min-768x768.jpg 768w, https:\/\/www.bredasys.com\/wp-content\/uploads\/2019\/11\/loghi_led_lampeggiante-min-1024x1024.jpg 1024w, https:\/\/www.bredasys.com\/wp-content\/uploads\/2019\/11\/loghi_led_lampeggiante-min-520x520.jpg 520w, https:\/\/www.bredasys.com\/wp-content\/uploads\/2019\/11\/loghi_led_lampeggiante-min-212x212.jpg 212w, https:\/\/www.bredasys.com\/wp-content\/uploads\/2019\/11\/loghi_led_lampeggiante-min-47x47.jpg 47w, https:\/\/www.bredasys.com\/wp-content\/uploads\/2019\/11\/loghi_led_lampeggiante-min.jpg 1600w\" sizes=\"(max-width: 160px) 100vw, 160px\" \/> <img loading=\"lazy\" decoding=\"async\" class=\"alignnone wp-image-36323\" src=\"\/wp-content\/uploads\/2019\/11\/loghi_led_sensore-movimento-min-300x300.jpg\" alt=\"\" width=\"160\" height=\"160\" srcset=\"https:\/\/www.bredasys.com\/wp-content\/uploads\/2019\/11\/loghi_led_sensore-movimento-min-300x300.jpg 300w, https:\/\/www.bredasys.com\/wp-content\/uploads\/2019\/11\/loghi_led_sensore-movimento-min-150x150.jpg 150w, https:\/\/www.bredasys.com\/wp-content\/uploads\/2019\/11\/loghi_led_sensore-movimento-min-768x768.jpg 768w, https:\/\/www.bredasys.com\/wp-content\/uploads\/2019\/11\/loghi_led_sensore-movimento-min-1024x1024.jpg 1024w, https:\/\/www.bredasys.com\/wp-content\/uploads\/2019\/11\/loghi_led_sensore-movimento-min-520x520.jpg 520w, https:\/\/www.bredasys.com\/wp-content\/uploads\/2019\/11\/loghi_led_sensore-movimento-min-212x212.jpg 212w, https:\/\/www.bredasys.com\/wp-content\/uploads\/2019\/11\/loghi_led_sensore-movimento-min-47x47.jpg 47w, https:\/\/www.bredasys.com\/wp-content\/uploads\/2019\/11\/loghi_led_sensore-movimento-min.jpg 1600w\" sizes=\"(max-width: 160px) 100vw, 160px\" \/> <img loading=\"lazy\" decoding=\"async\" class=\"alignnone wp-image-36319\" src=\"\/wp-content\/uploads\/2019\/11\/loghi_led_sensore-crepuscolare-min-300x300.jpg\" alt=\"\" width=\"160\" height=\"160\" srcset=\"https:\/\/www.bredasys.com\/wp-content\/uploads\/2019\/11\/loghi_led_sensore-crepuscolare-min-300x300.jpg 300w, https:\/\/www.bredasys.com\/wp-content\/uploads\/2019\/11\/loghi_led_sensore-crepuscolare-min-150x150.jpg 150w, https:\/\/www.bredasys.com\/wp-content\/uploads\/2019\/11\/loghi_led_sensore-crepuscolare-min-768x768.jpg 768w, https:\/\/www.bredasys.com\/wp-content\/uploads\/2019\/11\/loghi_led_sensore-crepuscolare-min-1024x1024.jpg 1024w, https:\/\/www.bredasys.com\/wp-content\/uploads\/2019\/11\/loghi_led_sensore-crepuscolare-min-520x520.jpg 520w, https:\/\/www.bredasys.com\/wp-content\/uploads\/2019\/11\/loghi_led_sensore-crepuscolare-min-212x212.jpg 212w, https:\/\/www.bredasys.com\/wp-content\/uploads\/2019\/11\/loghi_led_sensore-crepuscolare-min-47x47.jpg 47w, https:\/\/www.bredasys.com\/wp-content\/uploads\/2019\/11\/loghi_led_sensore-crepuscolare-min.jpg 1600w\" sizes=\"(max-width: 160px) 100vw, 160px\" \/> <img loading=\"lazy\" decoding=\"async\" class=\"alignnone wp-image-36331\" src=\"\/wp-content\/uploads\/2019\/11\/loghi_led_timer-min-300x300.jpg\" alt=\"\" width=\"160\" height=\"160\" srcset=\"https:\/\/www.bredasys.com\/wp-content\/uploads\/2019\/11\/loghi_led_timer-min-300x300.jpg 300w, https:\/\/www.bredasys.com\/wp-content\/uploads\/2019\/11\/loghi_led_timer-min-150x150.jpg 150w, https:\/\/www.bredasys.com\/wp-content\/uploads\/2019\/11\/loghi_led_timer-min-768x768.jpg 768w, https:\/\/www.bredasys.com\/wp-content\/uploads\/2019\/11\/loghi_led_timer-min-1024x1024.jpg 1024w, https:\/\/www.bredasys.com\/wp-content\/uploads\/2019\/11\/loghi_led_timer-min-520x520.jpg 520w, https:\/\/www.bredasys.com\/wp-content\/uploads\/2019\/11\/loghi_led_timer-min-212x212.jpg 212w, https:\/\/www.bredasys.com\/wp-content\/uploads\/2019\/11\/loghi_led_timer-min-47x47.jpg 47w, https:\/\/www.bredasys.com\/wp-content\/uploads\/2019\/11\/loghi_led_timer-min.jpg 1600w\" sizes=\"(max-width: 160px) 100vw, 160px\" \/> <img loading=\"lazy\" decoding=\"async\" class=\"alignnone wp-image-36327\" src=\"\/wp-content\/uploads\/2019\/11\/loghi_led_telecomando-min-300x300.jpg\" alt=\"\" width=\"160\" height=\"160\" srcset=\"https:\/\/www.bredasys.com\/wp-content\/uploads\/2019\/11\/loghi_led_telecomando-min-300x300.jpg 300w, https:\/\/www.bredasys.com\/wp-content\/uploads\/2019\/11\/loghi_led_telecomando-min-150x150.jpg 150w, https:\/\/www.bredasys.com\/wp-content\/uploads\/2019\/11\/loghi_led_telecomando-min-768x768.jpg 768w, https:\/\/www.bredasys.com\/wp-content\/uploads\/2019\/11\/loghi_led_telecomando-min-1024x1024.jpg 1024w, https:\/\/www.bredasys.com\/wp-content\/uploads\/2019\/11\/loghi_led_telecomando-min-520x520.jpg 520w, https:\/\/www.bredasys.com\/wp-content\/uploads\/2019\/11\/loghi_led_telecomando-min-212x212.jpg 212w, https:\/\/www.bredasys.com\/wp-content\/uploads\/2019\/11\/loghi_led_telecomando-min-47x47.jpg 47w, https:\/\/www.bredasys.com\/wp-content\/uploads\/2019\/11\/loghi_led_telecomando-min.jpg 1600w\" sizes=\"(max-width: 160px) 100vw, 160px\" \/><\/p>\n<h2>Slate Jewels. Der Schiefer-Protagonist mit au\u00dfergew\u00f6hnlichen Texturen<\/h2>\n<p style=\"text-align: justify;\">Die Beschaffenheit des Felsens, die Nuancen der Natur und die Sch\u00f6nheit einer Beschichtung in jedem Detail. Die Sektionaltore Auswahl von Le Perle begr\u00fc\u00dft eine neue Linie, die einem der beliebtesten Designmaterialien gewidmet ist: <strong>Schiefer<\/strong>.<\/p>\n<p>&nbsp;<\/p>\n<h2><img loading=\"lazy\" decoding=\"async\" class=\"alignnone size-full wp-image-36674\" src=\"http:\/\/bredasys.com\/wp-content\/uploads\/2019\/11\/Portone-di-Design-Le-Perle-in-Simil-Ardesia.jpg\" alt=\"\" width=\"1600\" height=\"1067\" srcset=\"https:\/\/www.bredasys.com\/wp-content\/uploads\/2019\/11\/Portone-di-Design-Le-Perle-in-Simil-Ardesia.jpg 1600w, https:\/\/www.bredasys.com\/wp-content\/uploads\/2019\/11\/Portone-di-Design-Le-Perle-in-Simil-Ardesia-300x200.jpg 300w, https:\/\/www.bredasys.com\/wp-content\/uploads\/2019\/11\/Portone-di-Design-Le-Perle-in-Simil-Ardesia-768x512.jpg 768w, https:\/\/www.bredasys.com\/wp-content\/uploads\/2019\/11\/Portone-di-Design-Le-Perle-in-Simil-Ardesia-1024x683.jpg 1024w\" sizes=\"(max-width: 1600px) 100vw, 1600px\" \/><\/h2>\n<p style=\"text-align: justify;\">Dank spezieller Glasfaserplatten, die nach sorgf\u00e4ltiger Behandlung auf die Au\u00dfenpaneelen des Tores aufgebracht werden, wird die Textur dieses Rohmaterials in drei neuen Ausf\u00fchrungen perfekt wiederhergestellt.<br \/>\nNeben den warmen Adern von Ariel, Kalahari und Rainforest hat Breda eine weitere Beschichtung aus Zementdekor mit einer brillanten Farbe entworfen: Pearl.<\/p>\n<p style=\"text-align: justify;\">F\u00fcr einzigartige Sektionaltore sind auf Anfrage auch zahlreiche kundenspezifische Varianten erh\u00e4ltlich.<\/p>\n<p><img loading=\"lazy\" decoding=\"async\" class=\"wp-image-56378\" src=\"\/wp-content\/uploads\/2022\/03\/Ardesia-Rainforest-Brown-300x300.webp\" alt=\"\" width=\"200\" height=\"200\" srcset=\"https:\/\/www.bredasys.com\/wp-content\/uploads\/2022\/03\/Ardesia-Rainforest-Brown-300x300.webp 300w, https:\/\/www.bredasys.com\/wp-content\/uploads\/2022\/03\/Ardesia-Rainforest-Brown-1024x1024.webp 1024w, https:\/\/www.bredasys.com\/wp-content\/uploads\/2022\/03\/Ardesia-Rainforest-Brown-150x150.webp 150w, https:\/\/www.bredasys.com\/wp-content\/uploads\/2022\/03\/Ardesia-Rainforest-Brown-768x768.webp 768w, https:\/\/www.bredasys.com\/wp-content\/uploads\/2022\/03\/Ardesia-Rainforest-Brown.webp 1097w\" sizes=\"(max-width: 200px) 100vw, 200px\" \/>\u00a0<img loading=\"lazy\" decoding=\"async\" class=\"wp-image-56374\" src=\"\/wp-content\/uploads\/2022\/03\/Ardesia-Kalahari-Classic-300x300.webp\" alt=\"\" width=\"200\" height=\"200\" srcset=\"https:\/\/www.bredasys.com\/wp-content\/uploads\/2022\/03\/Ardesia-Kalahari-Classic-300x300.webp 300w, https:\/\/www.bredasys.com\/wp-content\/uploads\/2022\/03\/Ardesia-Kalahari-Classic-1024x1024.webp 1024w, https:\/\/www.bredasys.com\/wp-content\/uploads\/2022\/03\/Ardesia-Kalahari-Classic-150x150.webp 150w, https:\/\/www.bredasys.com\/wp-content\/uploads\/2022\/03\/Ardesia-Kalahari-Classic-768x768.webp 768w, https:\/\/www.bredasys.com\/wp-content\/uploads\/2022\/03\/Ardesia-Kalahari-Classic.webp 1097w\" sizes=\"(max-width: 200px) 100vw, 200px\" \/>\u00a0<img loading=\"lazy\" decoding=\"async\" class=\"wp-image-56366\" src=\"\/wp-content\/uploads\/2022\/03\/Ardesia-Ariel-Classic-300x300.webp\" alt=\"\" width=\"200\" height=\"200\" srcset=\"https:\/\/www.bredasys.com\/wp-content\/uploads\/2022\/03\/Ardesia-Ariel-Classic-300x300.webp 300w, https:\/\/www.bredasys.com\/wp-content\/uploads\/2022\/03\/Ardesia-Ariel-Classic-1024x1024.webp 1024w, https:\/\/www.bredasys.com\/wp-content\/uploads\/2022\/03\/Ardesia-Ariel-Classic-150x150.webp 150w, https:\/\/www.bredasys.com\/wp-content\/uploads\/2022\/03\/Ardesia-Ariel-Classic-768x768.webp 768w, https:\/\/www.bredasys.com\/wp-content\/uploads\/2022\/03\/Ardesia-Ariel-Classic.webp 1097w\" sizes=\"(max-width: 200px) 100vw, 200px\" \/>\u00a0<img loading=\"lazy\" decoding=\"async\" class=\"wp-image-56370\" src=\"\/wp-content\/uploads\/2022\/03\/Ardesia-Green-Pearl-Classic-300x300.webp\" alt=\"\" width=\"200\" height=\"200\" srcset=\"https:\/\/www.bredasys.com\/wp-content\/uploads\/2022\/03\/Ardesia-Green-Pearl-Classic-300x300.webp 300w, https:\/\/www.bredasys.com\/wp-content\/uploads\/2022\/03\/Ardesia-Green-Pearl-Classic-1024x1024.webp 1024w, https:\/\/www.bredasys.com\/wp-content\/uploads\/2022\/03\/Ardesia-Green-Pearl-Classic-150x150.webp 150w, https:\/\/www.bredasys.com\/wp-content\/uploads\/2022\/03\/Ardesia-Green-Pearl-Classic-768x768.webp 768w, https:\/\/www.bredasys.com\/wp-content\/uploads\/2022\/03\/Ardesia-Green-Pearl-Classic.webp 1097w\" sizes=\"(max-width: 200px) 100vw, 200px\" \/><\/p>\n<h2>Sandstone Jewels. Echter Sandstein in nur zwei Millimetern<\/h2>\n<p style=\"text-align: justify;\">Die Sandstone Jewels-Linie von Le Perle wird mit neuen Farbvarianten aktualisiert und vervollst\u00e4ndigt damit die durch warme und kr\u00e4ftige T\u00f6ne charakterisierte Farbskala dieser kostbaren Torsammlung aus echtem Sandstein.<\/p>\n<h2 style=\"text-align: justify;\"><img loading=\"lazy\" decoding=\"async\" class=\"alignnone size-full wp-image-36627\" src=\"http:\/\/bredasys.com\/wp-content\/uploads\/2019\/11\/Arenaria_blackwawe-min.jpg\" alt=\"Portoni in Arenaria - Black Wave\" width=\"1600\" height=\"1071\" srcset=\"https:\/\/www.bredasys.com\/wp-content\/uploads\/2019\/11\/Arenaria_blackwawe-min.jpg 1600w, https:\/\/www.bredasys.com\/wp-content\/uploads\/2019\/11\/Arenaria_blackwawe-min-300x201.jpg 300w, https:\/\/www.bredasys.com\/wp-content\/uploads\/2019\/11\/Arenaria_blackwawe-min-768x514.jpg 768w, https:\/\/www.bredasys.com\/wp-content\/uploads\/2019\/11\/Arenaria_blackwawe-min-1024x685.jpg 1024w\" sizes=\"(max-width: 1600px) 100vw, 1600px\" \/><\/h2>\n<p style=\"text-align: justify;\">Das innovative Design der Forschungs- und Entwicklungsabteilung von Breda hat es uns erm\u00f6glicht, die ganze Sch\u00f6nheit des Natursteins und den Charme einer lebenden Ausf\u00fchrung in eine Wohnraumt\u00fcr mit tadellosen technischen und \u00e4sthetischen Qualit\u00e4ten zu bringen.<br \/>\nDank der besonderen &#8222;Furniertechnik&#8220; Extraktionsmethode ist es tats\u00e4chlich m\u00f6glich, sehr d\u00fcnne Sandsteinplatten zu erhalten, die in nur zwei Millimetern den tausendj\u00e4hrigen Charme dieses Steins wiederherstellen k\u00f6nnen.<\/p>\n<h2>Ultra Touch Holzdekor mit den neuen Farben: Hell-Eichenholz und Zement<\/h2>\n<p style=\"text-align: justify;\">Holz ist ein zeitloser Klassiker, der weiterhin der Protagonist der Breda-Sammlungen ist, mit vielen warmen Farbt\u00f6nen und einer unglaublichen extrem widerstandsf\u00e4higen Ausf\u00fchrung, mit der Sie Naturholz mit seinen Holzfaser, seiner Porosit\u00e4t und seiner angenehmen Haptik tadellos simulieren erlaubt.<\/p>\n<h2><img loading=\"lazy\" decoding=\"async\" class=\"alignnone size-full wp-image-36945\" src=\"http:\/\/bredasys.com\/wp-content\/uploads\/2019\/11\/Portone-sezionale-da-garage-CUPIS-Simil-Cemento-01.jpg\" alt=\"\" width=\"1600\" height=\"1200\" srcset=\"https:\/\/www.bredasys.com\/wp-content\/uploads\/2019\/11\/Portone-sezionale-da-garage-CUPIS-Simil-Cemento-01.jpg 1600w, https:\/\/www.bredasys.com\/wp-content\/uploads\/2019\/11\/Portone-sezionale-da-garage-CUPIS-Simil-Cemento-01-300x225.jpg 300w, https:\/\/www.bredasys.com\/wp-content\/uploads\/2019\/11\/Portone-sezionale-da-garage-CUPIS-Simil-Cemento-01-768x576.jpg 768w, https:\/\/www.bredasys.com\/wp-content\/uploads\/2019\/11\/Portone-sezionale-da-garage-CUPIS-Simil-Cemento-01-1024x768.jpg 1024w\" sizes=\"(max-width: 1600px) 100vw, 1600px\" \/><\/h2>\n<p style=\"text-align: justify;\">Durch den speziellen Hei\u00dfanstrich ist der Ultra Touch glatt Holzdekor widerstandsf\u00e4hig gegen Abnutzungserscheinungen und Witterungseinfl\u00fcsse und beh\u00e4lt seine Sch\u00f6nheit stets bei.<br \/>\nZu den Farben Nussbaum, Golde Eichenholz und Rusty kommt jetzt auch eine Beschichtung aus Hell-Eichenholz und Zement hinzu, die speziell f\u00fcr die Sektionaltore Cupis, die Schwingtor Swing sowie die Schiebetore Phenix und Ibis entwickelt wurde.<\/p>\n<h2>Bullaugen und Griffe, Urban Style Zubeh\u00f6rteile werden zu Protagonisten<\/h2>\n<p style=\"text-align: justify;\">Neuer Look f\u00fcr Breda unverwechselbare Zubeh\u00f6rteile. Die klassischen B-Griffe und die passenden Bullaugen wirken dank drei neuer Bez\u00fcge noch zeitgem\u00e4\u00dfer und urbaner.<\/p>\n<h2 style=\"text-align: justify;\"><img loading=\"lazy\" decoding=\"async\" class=\"alignnone size-full wp-image-36455\" src=\"http:\/\/bredasys.com\/wp-content\/uploads\/2019\/11\/IMG_2131_mod-min.jpg\" alt=\"Composizione Carbonio - Satin 7016\" width=\"1600\" height=\"1067\" srcset=\"https:\/\/www.bredasys.com\/wp-content\/uploads\/2019\/11\/IMG_2131_mod-min.jpg 1600w, https:\/\/www.bredasys.com\/wp-content\/uploads\/2019\/11\/IMG_2131_mod-min-300x200.jpg 300w, https:\/\/www.bredasys.com\/wp-content\/uploads\/2019\/11\/IMG_2131_mod-min-768x512.jpg 768w, https:\/\/www.bredasys.com\/wp-content\/uploads\/2019\/11\/IMG_2131_mod-min-1024x683.jpg 1024w\" sizes=\"(max-width: 1600px) 100vw, 1600px\" \/><\/h2>\n<p style=\"text-align: justify;\">Die Flecken-Ausf\u00fchrung in Chromgrau oder Bronze passt perfekt zum neuen Ultra Touch Zement- Ausf\u00fchrung oder zu den Holz- und Holzdekor-Tore.<br \/>\nF\u00fcr minimale Verschl\u00fcsse und Satinfarben hat Breda eine dynamische und moderne Kohlenstofffaservariante geschaffen, um das Tor mit einem kreativen und charakteristischen Detail zu bereichern.<\/p>\n","protected":false},"excerpt":{"rendered":"<p style=\"text-align: justify;\">Die Ausf\u00fchrungen und Zubeh\u00f6rteile sind die gro\u00dfen Protagonisten der neuen Sektionaltore Sammlungen von Breda, die f\u00fcr 2020 eine au\u00dfergew\u00f6hnliche Auswahl an Farben und Materialien bieten, um ein noch hochwertigeres Garagentor zu w\u00e4hlen. Entscheidungen, die aus der Forschungs- und Entwicklungsabteilung von Breda stammen und bereit sind, den innovativsten Geschmack der Kunden zu erobern.<\/p>\n","protected":false},"author":8,"featured_media":36170,"comment_status":"open","ping_status":"open","sticky":false,"template":"","format":"standard","meta":{"_acf_changed":false,"_jetpack_memberships_contains_paid_content":false,"footnotes":""},"categories":[598],"tags":[783],"class_list":["post-37584","post","type-post","status-publish","format-standard","has-post-thumbnail","hentry","category-news-de","tag-produkte"],"acf":[],"yoast_head":"<!-- This site is optimized with the Yoast SEO plugin v27.1.1 - https:\/\/yoast.com\/product\/yoast-seo-wordpress\/ -->\n<title>Neue Ausf\u00fchrungen und neue Zubeh\u00f6rteile f\u00fcr ein einzigartiges Tor<\/title>\n<meta name=\"description\" content=\"Die Ausf\u00fchrungen und Zubeh\u00f6rteile sind die gro\u00dfen Protagonisten der neuen Sektionaltore Sammlungen von Breda.\" \/>\n<meta name=\"robots\" content=\"index, follow, max-snippet:-1, max-image-preview:large, max-video-preview:-1\" \/>\n<link rel=\"canonical\" href=\"https:\/\/www.bredasys.com\/de\/2019\/11\/neue-ausfuehrungen-und-neue-zubehoerteile-fuer-ein-einzigartiges-tor.html\" \/>\n<meta property=\"og:locale\" content=\"de_DE\" \/>\n<meta property=\"og:type\" content=\"article\" \/>\n<meta property=\"og:title\" content=\"Neue Ausf\u00fchrungen und neue Zubeh\u00f6rteile f\u00fcr ein einzigartiges Tor\" \/>\n<meta property=\"og:description\" content=\"Die Ausf\u00fchrungen und Zubeh\u00f6rteile sind die gro\u00dfen Protagonisten der neuen Sektionaltore Sammlungen von Breda.\" \/>\n<meta property=\"og:url\" content=\"https:\/\/www.bredasys.com\/de\/2019\/11\/neue-ausfuehrungen-und-neue-zubehoerteile-fuer-ein-einzigartiges-tor.html\" \/>\n<meta property=\"og:site_name\" content=\"Breda Sistemi Industriali S.p.A.\" \/>\n<meta property=\"article:publisher\" content=\"https:\/\/www.facebook.com\/BredaPortoni\/\" \/>\n<meta property=\"article:published_time\" content=\"2019-11-20T13:03:01+00:00\" \/>\n<meta property=\"article:modified_time\" content=\"2022-12-21T14:47:15+00:00\" \/>\n<meta property=\"og:image\" content=\"https:\/\/www.bredasys.com\/wp-content\/uploads\/2019\/10\/Iridescenti-Scotch-Brite-portoni-Alu-Line-Breda-1.jpg\" \/>\n\t<meta property=\"og:image:width\" content=\"1600\" \/>\n\t<meta property=\"og:image:height\" content=\"800\" \/>\n\t<meta property=\"og:image:type\" content=\"image\/jpeg\" \/>\n<meta name=\"author\" content=\"Redazione Web Breda\" \/>\n<meta name=\"twitter:card\" content=\"summary_large_image\" \/>\n<meta name=\"twitter:creator\" content=\"@BredaPortoni\" \/>\n<meta name=\"twitter:site\" content=\"@BredaPortoni\" \/>\n<meta name=\"twitter:label1\" content=\"Verfasst von\" \/>\n\t<meta name=\"twitter:data1\" content=\"Redazione Web Breda\" \/>\n\t<meta name=\"twitter:label2\" content=\"Gesch\u00e4tzte Lesezeit\" \/>\n\t<meta name=\"twitter:data2\" content=\"4\u00a0Minuten\" \/>\n<script type=\"application\/ld+json\" class=\"yoast-schema-graph\">{\"@context\":\"https:\/\/schema.org\",\"@graph\":[{\"@type\":\"Article\",\"@id\":\"https:\/\/www.bredasys.com\/de\/2019\/11\/neue-ausfuehrungen-und-neue-zubehoerteile-fuer-ein-einzigartiges-tor.html#article\",\"isPartOf\":{\"@id\":\"https:\/\/www.bredasys.com\/de\/2019\/11\/neue-ausfuehrungen-und-neue-zubehoerteile-fuer-ein-einzigartiges-tor.html\"},\"author\":{\"name\":\"Redazione Web Breda\",\"@id\":\"https:\/\/www.bredasys.com\/de#\/schema\/person\/b3bf47179366b780119875b335751a49\"},\"headline\":\"Neue Ausf\u00fchrungen und neue Zubeh\u00f6rteile f\u00fcr ein einzigartiges Tor\",\"datePublished\":\"2019-11-20T13:03:01+00:00\",\"dateModified\":\"2022-12-21T14:47:15+00:00\",\"mainEntityOfPage\":{\"@id\":\"https:\/\/www.bredasys.com\/de\/2019\/11\/neue-ausfuehrungen-und-neue-zubehoerteile-fuer-ein-einzigartiges-tor.html\"},\"wordCount\":800,\"commentCount\":0,\"publisher\":{\"@id\":\"https:\/\/www.bredasys.com\/de#organization\"},\"image\":{\"@id\":\"https:\/\/www.bredasys.com\/de\/2019\/11\/neue-ausfuehrungen-und-neue-zubehoerteile-fuer-ein-einzigartiges-tor.html#primaryimage\"},\"thumbnailUrl\":\"https:\/\/www.bredasys.com\/wp-content\/uploads\/2019\/10\/Iridescenti-Scotch-Brite-portoni-Alu-Line-Breda-1.jpg\",\"keywords\":[\"Produkte\"],\"articleSection\":[\"NEWS\"],\"inLanguage\":\"de\",\"potentialAction\":[{\"@type\":\"CommentAction\",\"name\":\"Comment\",\"target\":[\"https:\/\/www.bredasys.com\/de\/2019\/11\/neue-ausfuehrungen-und-neue-zubehoerteile-fuer-ein-einzigartiges-tor.html#respond\"]}]},{\"@type\":\"WebPage\",\"@id\":\"https:\/\/www.bredasys.com\/de\/2019\/11\/neue-ausfuehrungen-und-neue-zubehoerteile-fuer-ein-einzigartiges-tor.html\",\"url\":\"https:\/\/www.bredasys.com\/de\/2019\/11\/neue-ausfuehrungen-und-neue-zubehoerteile-fuer-ein-einzigartiges-tor.html\",\"name\":\"Neue Ausf\u00fchrungen und neue Zubeh\u00f6rteile f\u00fcr ein einzigartiges Tor\",\"isPartOf\":{\"@id\":\"https:\/\/www.bredasys.com\/de#website\"},\"primaryImageOfPage\":{\"@id\":\"https:\/\/www.bredasys.com\/de\/2019\/11\/neue-ausfuehrungen-und-neue-zubehoerteile-fuer-ein-einzigartiges-tor.html#primaryimage\"},\"image\":{\"@id\":\"https:\/\/www.bredasys.com\/de\/2019\/11\/neue-ausfuehrungen-und-neue-zubehoerteile-fuer-ein-einzigartiges-tor.html#primaryimage\"},\"thumbnailUrl\":\"https:\/\/www.bredasys.com\/wp-content\/uploads\/2019\/10\/Iridescenti-Scotch-Brite-portoni-Alu-Line-Breda-1.jpg\",\"datePublished\":\"2019-11-20T13:03:01+00:00\",\"dateModified\":\"2022-12-21T14:47:15+00:00\",\"description\":\"Die Ausf\u00fchrungen und Zubeh\u00f6rteile sind die gro\u00dfen Protagonisten der neuen Sektionaltore Sammlungen von Breda.\",\"breadcrumb\":{\"@id\":\"https:\/\/www.bredasys.com\/de\/2019\/11\/neue-ausfuehrungen-und-neue-zubehoerteile-fuer-ein-einzigartiges-tor.html#breadcrumb\"},\"inLanguage\":\"de\",\"potentialAction\":[{\"@type\":\"ReadAction\",\"target\":[\"https:\/\/www.bredasys.com\/de\/2019\/11\/neue-ausfuehrungen-und-neue-zubehoerteile-fuer-ein-einzigartiges-tor.html\"]}]},{\"@type\":\"ImageObject\",\"inLanguage\":\"de\",\"@id\":\"https:\/\/www.bredasys.com\/de\/2019\/11\/neue-ausfuehrungen-und-neue-zubehoerteile-fuer-ein-einzigartiges-tor.html#primaryimage\",\"url\":\"https:\/\/www.bredasys.com\/wp-content\/uploads\/2019\/10\/Iridescenti-Scotch-Brite-portoni-Alu-Line-Breda-1.jpg\",\"contentUrl\":\"https:\/\/www.bredasys.com\/wp-content\/uploads\/2019\/10\/Iridescenti-Scotch-Brite-portoni-Alu-Line-Breda-1.jpg\",\"width\":1600,\"height\":800,\"caption\":\"Iridescenti - Scotch Brite portoni Alu Line Breda\"},{\"@type\":\"BreadcrumbList\",\"@id\":\"https:\/\/www.bredasys.com\/de\/2019\/11\/neue-ausfuehrungen-und-neue-zubehoerteile-fuer-ein-einzigartiges-tor.html#breadcrumb\",\"itemListElement\":[{\"@type\":\"ListItem\",\"position\":1,\"name\":\"Breda\",\"item\":\"https:\/\/www.bredasys.com\/de\/homeitanew.html\"},{\"@type\":\"ListItem\",\"position\":2,\"name\":\"Neue Ausf\u00fchrungen und neue Zubeh\u00f6rteile f\u00fcr ein einzigartiges Tor\"}]},{\"@type\":\"WebSite\",\"@id\":\"https:\/\/www.bredasys.com\/de#website\",\"url\":\"https:\/\/www.bredasys.com\/de\",\"name\":\"Breda Sistemi Industriali S.p.A.\",\"description\":\"Porte da garage, portoni industriali\",\"publisher\":{\"@id\":\"https:\/\/www.bredasys.com\/de#organization\"},\"potentialAction\":[{\"@type\":\"SearchAction\",\"target\":{\"@type\":\"EntryPoint\",\"urlTemplate\":\"https:\/\/www.bredasys.com\/de?s={search_term_string}\"},\"query-input\":{\"@type\":\"PropertyValueSpecification\",\"valueRequired\":true,\"valueName\":\"search_term_string\"}}],\"inLanguage\":\"de\"},{\"@type\":\"Organization\",\"@id\":\"https:\/\/www.bredasys.com\/de#organization\",\"name\":\"Breda Sistemi Industriali S.p.A.\",\"alternateName\":\"Breda Portoni\",\"url\":\"https:\/\/www.bredasys.com\/de\",\"logo\":{\"@type\":\"ImageObject\",\"inLanguage\":\"de\",\"@id\":\"https:\/\/www.bredasys.com\/de#\/schema\/logo\/image\/\",\"url\":\"https:\/\/www.bredasys.com\/wp-content\/uploads\/2024\/06\/Logo-Breda-01-quadrato-696.jpg\",\"contentUrl\":\"https:\/\/www.bredasys.com\/wp-content\/uploads\/2024\/06\/Logo-Breda-01-quadrato-696.jpg\",\"width\":696,\"height\":696,\"caption\":\"Breda Sistemi Industriali S.p.A.\"},\"image\":{\"@id\":\"https:\/\/www.bredasys.com\/de#\/schema\/logo\/image\/\"},\"sameAs\":[\"https:\/\/www.facebook.com\/BredaPortoni\/\",\"https:\/\/x.com\/BredaPortoni\",\"https:\/\/www.linkedin.com\/company\/breda-sistemi-industriali\/\"]},{\"@type\":\"Person\",\"@id\":\"https:\/\/www.bredasys.com\/de#\/schema\/person\/b3bf47179366b780119875b335751a49\",\"name\":\"Redazione Web Breda\",\"image\":{\"@type\":\"ImageObject\",\"inLanguage\":\"de\",\"@id\":\"https:\/\/www.bredasys.com\/de#\/schema\/person\/image\/\",\"url\":\"https:\/\/secure.gravatar.com\/avatar\/a20639befd27fcd4433bb150f98a538941e8f177cc0734737ffadd6120dc04d4?s=96&d=mm&r=g\",\"contentUrl\":\"https:\/\/secure.gravatar.com\/avatar\/a20639befd27fcd4433bb150f98a538941e8f177cc0734737ffadd6120dc04d4?s=96&d=mm&r=g\",\"caption\":\"Redazione Web Breda\"}}]}<\/script>\n<!-- \/ Yoast SEO plugin. -->","yoast_head_json":{"title":"Neue Ausf\u00fchrungen und neue Zubeh\u00f6rteile f\u00fcr ein einzigartiges Tor","description":"Die Ausf\u00fchrungen und Zubeh\u00f6rteile sind die gro\u00dfen Protagonisten der neuen Sektionaltore Sammlungen von Breda.","robots":{"index":"index","follow":"follow","max-snippet":"max-snippet:-1","max-image-preview":"max-image-preview:large","max-video-preview":"max-video-preview:-1"},"canonical":"https:\/\/www.bredasys.com\/de\/2019\/11\/neue-ausfuehrungen-und-neue-zubehoerteile-fuer-ein-einzigartiges-tor.html","og_locale":"de_DE","og_type":"article","og_title":"Neue Ausf\u00fchrungen und neue Zubeh\u00f6rteile f\u00fcr ein einzigartiges Tor","og_description":"Die Ausf\u00fchrungen und Zubeh\u00f6rteile sind die gro\u00dfen Protagonisten der neuen Sektionaltore Sammlungen von Breda.","og_url":"https:\/\/www.bredasys.com\/de\/2019\/11\/neue-ausfuehrungen-und-neue-zubehoerteile-fuer-ein-einzigartiges-tor.html","og_site_name":"Breda Sistemi Industriali S.p.A.","article_publisher":"https:\/\/www.facebook.com\/BredaPortoni\/","article_published_time":"2019-11-20T13:03:01+00:00","article_modified_time":"2022-12-21T14:47:15+00:00","og_image":[{"width":1600,"height":800,"url":"https:\/\/www.bredasys.com\/wp-content\/uploads\/2019\/10\/Iridescenti-Scotch-Brite-portoni-Alu-Line-Breda-1.jpg","type":"image\/jpeg"}],"author":"Redazione Web Breda","twitter_card":"summary_large_image","twitter_creator":"@BredaPortoni","twitter_site":"@BredaPortoni","twitter_misc":{"Verfasst von":"Redazione Web Breda","Gesch\u00e4tzte Lesezeit":"4\u00a0Minuten"},"schema":{"@context":"https:\/\/schema.org","@graph":[{"@type":"Article","@id":"https:\/\/www.bredasys.com\/de\/2019\/11\/neue-ausfuehrungen-und-neue-zubehoerteile-fuer-ein-einzigartiges-tor.html#article","isPartOf":{"@id":"https:\/\/www.bredasys.com\/de\/2019\/11\/neue-ausfuehrungen-und-neue-zubehoerteile-fuer-ein-einzigartiges-tor.html"},"author":{"name":"Redazione Web Breda","@id":"https:\/\/www.bredasys.com\/de#\/schema\/person\/b3bf47179366b780119875b335751a49"},"headline":"Neue Ausf\u00fchrungen und neue Zubeh\u00f6rteile f\u00fcr ein einzigartiges Tor","datePublished":"2019-11-20T13:03:01+00:00","dateModified":"2022-12-21T14:47:15+00:00","mainEntityOfPage":{"@id":"https:\/\/www.bredasys.com\/de\/2019\/11\/neue-ausfuehrungen-und-neue-zubehoerteile-fuer-ein-einzigartiges-tor.html"},"wordCount":800,"commentCount":0,"publisher":{"@id":"https:\/\/www.bredasys.com\/de#organization"},"image":{"@id":"https:\/\/www.bredasys.com\/de\/2019\/11\/neue-ausfuehrungen-und-neue-zubehoerteile-fuer-ein-einzigartiges-tor.html#primaryimage"},"thumbnailUrl":"https:\/\/www.bredasys.com\/wp-content\/uploads\/2019\/10\/Iridescenti-Scotch-Brite-portoni-Alu-Line-Breda-1.jpg","keywords":["Produkte"],"articleSection":["NEWS"],"inLanguage":"de","potentialAction":[{"@type":"CommentAction","name":"Comment","target":["https:\/\/www.bredasys.com\/de\/2019\/11\/neue-ausfuehrungen-und-neue-zubehoerteile-fuer-ein-einzigartiges-tor.html#respond"]}]},{"@type":"WebPage","@id":"https:\/\/www.bredasys.com\/de\/2019\/11\/neue-ausfuehrungen-und-neue-zubehoerteile-fuer-ein-einzigartiges-tor.html","url":"https:\/\/www.bredasys.com\/de\/2019\/11\/neue-ausfuehrungen-und-neue-zubehoerteile-fuer-ein-einzigartiges-tor.html","name":"Neue Ausf\u00fchrungen und neue Zubeh\u00f6rteile f\u00fcr ein einzigartiges Tor","isPartOf":{"@id":"https:\/\/www.bredasys.com\/de#website"},"primaryImageOfPage":{"@id":"https:\/\/www.bredasys.com\/de\/2019\/11\/neue-ausfuehrungen-und-neue-zubehoerteile-fuer-ein-einzigartiges-tor.html#primaryimage"},"image":{"@id":"https:\/\/www.bredasys.com\/de\/2019\/11\/neue-ausfuehrungen-und-neue-zubehoerteile-fuer-ein-einzigartiges-tor.html#primaryimage"},"thumbnailUrl":"https:\/\/www.bredasys.com\/wp-content\/uploads\/2019\/10\/Iridescenti-Scotch-Brite-portoni-Alu-Line-Breda-1.jpg","datePublished":"2019-11-20T13:03:01+00:00","dateModified":"2022-12-21T14:47:15+00:00","description":"Die Ausf\u00fchrungen und Zubeh\u00f6rteile sind die gro\u00dfen Protagonisten der neuen Sektionaltore Sammlungen von Breda.","breadcrumb":{"@id":"https:\/\/www.bredasys.com\/de\/2019\/11\/neue-ausfuehrungen-und-neue-zubehoerteile-fuer-ein-einzigartiges-tor.html#breadcrumb"},"inLanguage":"de","potentialAction":[{"@type":"ReadAction","target":["https:\/\/www.bredasys.com\/de\/2019\/11\/neue-ausfuehrungen-und-neue-zubehoerteile-fuer-ein-einzigartiges-tor.html"]}]},{"@type":"ImageObject","inLanguage":"de","@id":"https:\/\/www.bredasys.com\/de\/2019\/11\/neue-ausfuehrungen-und-neue-zubehoerteile-fuer-ein-einzigartiges-tor.html#primaryimage","url":"https:\/\/www.bredasys.com\/wp-content\/uploads\/2019\/10\/Iridescenti-Scotch-Brite-portoni-Alu-Line-Breda-1.jpg","contentUrl":"https:\/\/www.bredasys.com\/wp-content\/uploads\/2019\/10\/Iridescenti-Scotch-Brite-portoni-Alu-Line-Breda-1.jpg","width":1600,"height":800,"caption":"Iridescenti - Scotch Brite portoni Alu Line Breda"},{"@type":"BreadcrumbList","@id":"https:\/\/www.bredasys.com\/de\/2019\/11\/neue-ausfuehrungen-und-neue-zubehoerteile-fuer-ein-einzigartiges-tor.html#breadcrumb","itemListElement":[{"@type":"ListItem","position":1,"name":"Breda","item":"https:\/\/www.bredasys.com\/de\/homeitanew.html"},{"@type":"ListItem","position":2,"name":"Neue Ausf\u00fchrungen und neue Zubeh\u00f6rteile f\u00fcr ein einzigartiges Tor"}]},{"@type":"WebSite","@id":"https:\/\/www.bredasys.com\/de#website","url":"https:\/\/www.bredasys.com\/de","name":"Breda Sistemi Industriali S.p.A.","description":"Porte da garage, portoni industriali","publisher":{"@id":"https:\/\/www.bredasys.com\/de#organization"},"potentialAction":[{"@type":"SearchAction","target":{"@type":"EntryPoint","urlTemplate":"https:\/\/www.bredasys.com\/de?s={search_term_string}"},"query-input":{"@type":"PropertyValueSpecification","valueRequired":true,"valueName":"search_term_string"}}],"inLanguage":"de"},{"@type":"Organization","@id":"https:\/\/www.bredasys.com\/de#organization","name":"Breda Sistemi Industriali S.p.A.","alternateName":"Breda Portoni","url":"https:\/\/www.bredasys.com\/de","logo":{"@type":"ImageObject","inLanguage":"de","@id":"https:\/\/www.bredasys.com\/de#\/schema\/logo\/image\/","url":"https:\/\/www.bredasys.com\/wp-content\/uploads\/2024\/06\/Logo-Breda-01-quadrato-696.jpg","contentUrl":"https:\/\/www.bredasys.com\/wp-content\/uploads\/2024\/06\/Logo-Breda-01-quadrato-696.jpg","width":696,"height":696,"caption":"Breda Sistemi Industriali S.p.A."},"image":{"@id":"https:\/\/www.bredasys.com\/de#\/schema\/logo\/image\/"},"sameAs":["https:\/\/www.facebook.com\/BredaPortoni\/","https:\/\/x.com\/BredaPortoni","https:\/\/www.linkedin.com\/company\/breda-sistemi-industriali\/"]},{"@type":"Person","@id":"https:\/\/www.bredasys.com\/de#\/schema\/person\/b3bf47179366b780119875b335751a49","name":"Redazione Web Breda","image":{"@type":"ImageObject","inLanguage":"de","@id":"https:\/\/www.bredasys.com\/de#\/schema\/person\/image\/","url":"https:\/\/secure.gravatar.com\/avatar\/a20639befd27fcd4433bb150f98a538941e8f177cc0734737ffadd6120dc04d4?s=96&d=mm&r=g","contentUrl":"https:\/\/secure.gravatar.com\/avatar\/a20639befd27fcd4433bb150f98a538941e8f177cc0734737ffadd6120dc04d4?s=96&d=mm&r=g","caption":"Redazione Web Breda"}}]}},"jetpack_featured_media_url":"https:\/\/www.bredasys.com\/wp-content\/uploads\/2019\/10\/Iridescenti-Scotch-Brite-portoni-Alu-Line-Breda-1.jpg","jetpack_sharing_enabled":true,"_links":{"self":[{"href":"https:\/\/www.bredasys.com\/de\/wp-json\/wp\/v2\/posts\/37584","targetHints":{"allow":["GET"]}}],"collection":[{"href":"https:\/\/www.bredasys.com\/de\/wp-json\/wp\/v2\/posts"}],"about":[{"href":"https:\/\/www.bredasys.com\/de\/wp-json\/wp\/v2\/types\/post"}],"author":[{"embeddable":true,"href":"https:\/\/www.bredasys.com\/de\/wp-json\/wp\/v2\/users\/8"}],"replies":[{"embeddable":true,"href":"https:\/\/www.bredasys.com\/de\/wp-json\/wp\/v2\/comments?post=37584"}],"version-history":[{"count":0,"href":"https:\/\/www.bredasys.com\/de\/wp-json\/wp\/v2\/posts\/37584\/revisions"}],"wp:featuredmedia":[{"embeddable":true,"href":"https:\/\/www.bredasys.com\/de\/wp-json\/wp\/v2\/media\/36170"}],"wp:attachment":[{"href":"https:\/\/www.bredasys.com\/de\/wp-json\/wp\/v2\/media?parent=37584"}],"wp:term":[{"taxonomy":"category","embeddable":true,"href":"https:\/\/www.bredasys.com\/de\/wp-json\/wp\/v2\/categories?post=37584"},{"taxonomy":"post_tag","embeddable":true,"href":"https:\/\/www.bredasys.com\/de\/wp-json\/wp\/v2\/tags?post=37584"}],"curies":[{"name":"wp","href":"https:\/\/api.w.org\/{rel}","templated":true}]}}